{"id":246757,"date":"2022-09-28T11:24:18","date_gmt":"2022-09-28T10:24:18","guid":{"rendered":"https:\/\/www.asbeiras.pt\/?p=246757"},"modified":"2022-09-28T11:24:18","modified_gmt":"2022-09-28T10:24:18","slug":"restaurante-lota-nova-realiza-9o-festival-do-marisco","status":"publish","type":"post","link":"https:\/\/critecnow.com\/diariobeiras\/restaurante-lota-nova-realiza-9o-festival-do-marisco\/","title":{"rendered":"Restaurante Lota Nova realiza 9\u00ba Festival do Marisco"},"content":{"rendered":"<div id=\"attachment_246759\" style=\"width: 1210px\" class=\"wp-caption alignnone\"><a href=\"https:\/\/www.asbeiras.pt\/wp-content\/uploads\/2022\/09\/28-Carlos-Sousa-Mariscos-DR.jpg\"><img loading=\"lazy\" decoding=\"async\" aria-describedby=\"caption-attachment-246759\" class=\"wp-image-246759 size-full\" src=\"https:\/\/www.asbeiras.pt\/wp-content\/uploads\/2022\/09\/28-Carlos-Sousa-Mariscos-DR.jpg\" alt=\"\" width=\"1200\" height=\"628\" \/><\/a><p id=\"caption-attachment-246759\" class=\"wp-caption-text\">DR<\/p><\/div>\n<p>O restaurante Lota Nova, na Gala, localidade da Freguesia de S\u00e3o Pedro, na margem sul da cidade Figueira da Foz, realiza, de 30 de setembro a 5 de outubro, o 9.\u00ba Festival do Marisco. O evento tem vindo a conquistar novos clientes, todos os anos. At\u00e9 ontem, segundo o gerente do estabelecimento, Carlos Sousa, havia mais de 200 lugares reservados, al\u00e9m dos clientes espont\u00e2neos.<br \/>\nA ementa do Festival do Marisco do Lota Nova contempla pre\u00e7os especiais para grupos e para quem frequentar o evento \u00e0 segunda-feira e \u00e0 ter\u00e7a-feira. Por sua vez, o \u201cbarco de marisco\u201d d\u00e1 \u00e0 costa com marisco para tr\u00eas pessoas, por 60 euros. A dose individual, para reservas antecipadas, custa 35 euros, com quatro finos inclu\u00eddos, ou 39 euros para quem n\u00e3o reservar mesa. A modalidade \u201cmarisco ao quilo\u201d tamb\u00e9m sai em conta.<br \/>\nO \u201cmarisco \u00e0 borla\u201d, por seu lado, desafia os comensais mais ousados, j\u00e1 que ter\u00e3o de consumir, em 40 minutos, uma determinada quantidade para que a despesa fique por conta da casa. Nomeadamente, dois quilos de camar\u00e3o descascados pelo cliente, 250 gramas de pat\u00e9 de sapateira barrados em tostas, meio quilo de tostas, uma ta\u00e7a de ameijoas e dois finos. Quem n\u00e3o conseguir superar a \u201cprova\u201d paga o que consumiu na modalidade \u201cmarisco ao quilo\u201d, com a oferta da cerveja.<\/p>\n<p><em><strong>Ler noticia completa na edi\u00e7\u00e3o impressa e digital do DI\u00c1RIO AS BEIRAS em 28\/09\/2022<\/strong><\/em><\/p>\n","protected":false},"excerpt":{"rendered":"<p>O restaurante Lota Nova, na Gala, localidade da Freguesia de S\u00e3o Pedro, na margem sul da Figueira da Foz, realiza, de 30 de setembro a 5 de outubro, o 9.\u00ba Festival do Marisco.<\/p>\n","protected":false},"author":1,"featured_media":246759,"comment_status":"open","ping_status":"open","sticky":false,"template":"","format":"standard","meta":{"_acf_changed":false,"footnotes":""},"categories":[82,31],"tags":[10066,63,2967,10067],"class_list":["post-246757","post","type-post","status-publish","format-standard","has-post-thumbnail","hentry","category-economia","category-geral","tag-festival-de-marisoc","tag-figueira-da-foz","tag-gala","tag-restaurante-lota-nova"],"acf":[],"_links":{"self":[{"href":"https:\/\/critecnow.com\/diariobeiras\/wp-json\/wp\/v2\/posts\/246757","targetHints":{"allow":["GET"]}}],"collection":[{"href":"https:\/\/critecnow.com\/diariobeiras\/wp-json\/wp\/v2\/posts"}],"about":[{"href":"https:\/\/critecnow.com\/diariobeiras\/wp-json\/wp\/v2\/types\/post"}],"author":[{"embeddable":true,"href":"https:\/\/critecnow.com\/diariobeiras\/wp-json\/wp\/v2\/users\/1"}],"replies":[{"embeddable":true,"href":"https:\/\/critecnow.com\/diariobeiras\/wp-json\/wp\/v2\/comments?post=246757"}],"version-history":[{"count":0,"href":"https:\/\/critecnow.com\/diariobeiras\/wp-json\/wp\/v2\/posts\/246757\/revisions"}],"wp:attachment":[{"href":"https:\/\/critecnow.com\/diariobeiras\/wp-json\/wp\/v2\/media?parent=246757"}],"wp:term":[{"taxonomy":"category","embeddable":true,"href":"https:\/\/critecnow.com\/diariobeiras\/wp-json\/wp\/v2\/categories?post=246757"},{"taxonomy":"post_tag","embeddable":true,"href":"https:\/\/critecnow.com\/diariobeiras\/wp-json\/wp\/v2\/tags?post=246757"}],"curies":[{"name":"wp","href":"https:\/\/api.w.org\/{rel}","templated":true}]}}