{"id":247121,"date":"2022-10-03T11:38:21","date_gmt":"2022-10-03T10:38:21","guid":{"rendered":"https:\/\/www.asbeiras.pt\/?p=247121"},"modified":"2022-10-03T11:38:21","modified_gmt":"2022-10-03T10:38:21","slug":"sustentabilidade-do-coimbra-iparque-e-o-grande-desafio-da-nova-administracao","status":"publish","type":"post","link":"https:\/\/critecnow.com\/diariobeiras\/sustentabilidade-do-coimbra-iparque-e-o-grande-desafio-da-nova-administracao\/","title":{"rendered":"Sustentabilidade do Coimbra iParque \u00e9 o grande desafio da nova administra\u00e7\u00e3o"},"content":{"rendered":"<p><a href=\"https:\/\/www.asbeiras.pt\/wp-content\/uploads\/2022\/09\/01-iparque-PR.jpg\"><img loading=\"lazy\" decoding=\"async\" class=\"alignnone wp-image-245028 size-full\" src=\"https:\/\/www.asbeiras.pt\/wp-content\/uploads\/2022\/09\/01-iparque-PR.jpg\" alt=\"\" width=\"1200\" height=\"628\" \/><\/a><\/p>\n<p>O parque tecnol\u00f3gico Coimbra iParque poder\u00e1 vir a gerir outros parques industriais do concelho de modo a garantir a sua sustentabilidade, que \u00e9 o grande desafio da nova administra\u00e7\u00e3o, em fun\u00e7\u00f5es h\u00e1 quase cinco meses.<\/p>\n<p class=\"text-paragraph\">Em declara\u00e7\u00f5es \u00e0 ag\u00eancia Lusa, o presidente do conselho de administra\u00e7\u00e3o, Ricardo Lopes, que iniciou fun\u00e7\u00f5es em maio, disse que o iParque \u201ctem problemas de sustentabilidade graves, que s\u00e3o conhecidos j\u00e1 de longo tempo\u201d.<\/p>\n<p class=\"text-paragraph\">Uma das solu\u00e7\u00f5es, segundo o dirigente, passa por gerir os parques industriais de Taveiro e Eiras, que n\u00e3o t\u00eam gest\u00e3o pr\u00f3pria (sendo acompanhados pela C\u00e2mara diretamente), nos mais diversos n\u00edveis: empresarial, seguran\u00e7a e manuten\u00e7\u00e3o dos espa\u00e7os exteriores.<\/p>\n<p class=\"text-paragraph\">\u201cN\u00e3o h\u00e1 uma identidade gestora desses parques e, portanto, \u00e9 uma forte hip\u00f3tese, que j\u00e1 est\u00e1 em discuss\u00e3o e a ser trabalhada com a C\u00e2mara para que isso aconte\u00e7a\u201d, frisou o gestor e empres\u00e1rio, de 42 anos.<\/p>\n<p class=\"text-paragraph\">Neste momento, o grande objetivo do Coimbra iParque \u201c\u00e9 garantir a sustentabilidade desta empresa municipal\u201d.<\/p>\n<p class=\"text-paragraph\">\u201cPorque verdadeiramente esse \u00e9 o grande desafio que temos de conseguir e temos tido reuni\u00f5es tamb\u00e9m com a C\u00e2mara para encontrar esses caminhos. [Os caminhos da sustentabilidade v\u00e3o ter de passar] por uma abrang\u00eancia maior desta empresa municipal, porque verdadeiramente sinto que somos quase uma empresa imobili\u00e1ria, que vende lotes [de terreno] e espa\u00e7os [no edif\u00edcio Leonardo Da Vinci]\u201d\u201d, sublinhou Ricardo Lopes.<\/p>\n<p class=\"text-paragraph\">Ao longo de mais de uma d\u00e9cada de atividade, o Coimbra iParque conseguiu apenas dois anos de saldo positivo, em 2019 e 2020, em resultado de um perd\u00e3o de d\u00edvida com a fal\u00eancia do antigo Banco Esp\u00edrito Santo (BES), real\u00e7ou o respons\u00e1vel.<\/p>\n<p class=\"text-paragraph\">A nova administra\u00e7\u00e3o do iParque pretende ainda captar investimento de fora para evitar que as empresas que se instalem no parque empresarial se deslocalizem de outras zonas do concelho de Coimbra, que \u00e9 \u201cum problema atual\u201d.<\/p>\n<p class=\"text-paragraph\">\u201cO interesse era atrair o investimento de fora, porque, neste momento, o distrito e o concelho de Coimbra, em particular, n\u00e3o est\u00e3o a conseguir captar investimento externo e a continuarmos nesta evolu\u00e7\u00e3o, em 2026, vamos ficar atr\u00e1s do distrito de Leiria\u201d, perspetivou Ricardo Lopes.<\/p>\n<p class=\"text-paragraph\">Ap\u00f3s a conclus\u00e3o da primeira fase em 2010, que abrangeu uma \u00e1rea de cerca de 30 hectares, com a constru\u00e7\u00e3o de 18 lotes, iniciou-se em junho a segunda fase A de amplia\u00e7\u00e3o do parque, que dever\u00e1 estar conclu\u00edda em junho de 2023.<\/p>\n<p class=\"text-paragraph\">A interven\u00e7\u00e3o, que representa um investimento de 1,7 milh\u00f5es de euros com apoio de fundos comunit\u00e1rios, vai disponibilizar mais sete lotes, numa \u00e1rea de 12 hectares intervencionados.<\/p>\n<p class=\"text-paragraph\">O projeto contempla ainda uma segunda fase B, destinada a lotes de maior dimens\u00e3o, e uma terceira fase, destinada \u00e0 constru\u00e7\u00e3o de uma residencial, inclusivamente com hotel e \u00e1reas de servi\u00e7os, e de um heliporto, que a nova administra\u00e7\u00e3o do iParque pretende reverter.<\/p>\n<p class=\"text-paragraph\">Para Ricardo Lopes, a \u00e1rea residencial dever\u00e1 ser revertida tamb\u00e9m para zona industrial, \u201caproveitando o espa\u00e7o existente para criar lotes maiores\u201d.<\/p>\n<p class=\"text-paragraph\">\u201cTemos tido contactos frequentes, mesmo por parte da Ag\u00eancia para o Investimento e Com\u00e9rcio Externo de Portugal (AICEP), que nos abordam com interesse de trazer empresas estrangeiras para Coimbra, mas precisam de \u00e1reas de terreno muito maiores, que n\u00e3o temos no iParque\u201d, sublinhou.<\/p>\n<p class=\"text-paragraph\">De acordo com o presidente do conselho de administra\u00e7\u00e3o, o executivo da C\u00e2mara de Coimbra tamb\u00e9m concorda com a reconvers\u00e3o da \u00e1rea residencial para industrial.<\/p>\n<p class=\"text-paragraph\">\u201cAt\u00e9 porque nos mete alguma confus\u00e3o o facto de estarmos a desapropriar terrenos para depois estarmos a vender lotes para a habita\u00e7\u00e3o\u201d.<\/p>\n<p class=\"text-paragraph\">\u201cEstamos a equacionar o que vale a pena manter ao n\u00edvel comercial e de servi\u00e7os, mas a \u00e1rea residencial deve deixar de existir. A nossa ideia, com o que a C\u00e2mara concorda, \u00e9 que a \u00e1rea residencial deve ser reconvertida\u201d, referiu.<\/p>\n","protected":false},"excerpt":{"rendered":"<p>O parque tecnol\u00f3gico Coimbra iParque poder\u00e1 vir a gerir outros parques industriais do concelho de modo a garantir a sua sustentabilidade, que \u00e9 o grande desafio da nova administra\u00e7\u00e3o, em fun\u00e7\u00f5es h\u00e1 quase cinco meses.<\/p>\n","protected":false},"author":1,"featured_media":245028,"comment_status":"open","ping_status":"open","sticky":false,"template":"","format":"standard","meta":{"_acf_changed":false,"footnotes":""},"categories":[39,31],"tags":[9597,9785,10148,1422],"class_list":["post-247121","post","type-post","status-publish","format-standard","has-post-thumbnail","hentry","category-coimbra-2","category-geral","tag-coimbra-iparque","tag-desafio","tag-nova-administracao","tag-sustentabilidade"],"acf":[],"_links":{"self":[{"href":"https:\/\/critecnow.com\/diariobeiras\/wp-json\/wp\/v2\/posts\/247121","targetHints":{"allow":["GET"]}}],"collection":[{"href":"https:\/\/critecnow.com\/diariobeiras\/wp-json\/wp\/v2\/posts"}],"about":[{"href":"https:\/\/critecnow.com\/diariobeiras\/wp-json\/wp\/v2\/types\/post"}],"author":[{"embeddable":true,"href":"https:\/\/critecnow.com\/diariobeiras\/wp-json\/wp\/v2\/users\/1"}],"replies":[{"embeddable":true,"href":"https:\/\/critecnow.com\/diariobeiras\/wp-json\/wp\/v2\/comments?post=247121"}],"version-history":[{"count":0,"href":"https:\/\/critecnow.com\/diariobeiras\/wp-json\/wp\/v2\/posts\/247121\/revisions"}],"wp:attachment":[{"href":"https:\/\/critecnow.com\/diariobeiras\/wp-json\/wp\/v2\/media?parent=247121"}],"wp:term":[{"taxonomy":"category","embeddable":true,"href":"https:\/\/critecnow.com\/diariobeiras\/wp-json\/wp\/v2\/categories?post=247121"},{"taxonomy":"post_tag","embeddable":true,"href":"https:\/\/critecnow.com\/diariobeiras\/wp-json\/wp\/v2\/tags?post=247121"}],"curies":[{"name":"wp","href":"https:\/\/api.w.org\/{rel}","templated":true}]}}