{"id":247335,"date":"2022-10-06T12:22:12","date_gmt":"2022-10-06T11:22:12","guid":{"rendered":"https:\/\/www.asbeiras.pt\/?p=247335"},"modified":"2022-10-06T12:22:12","modified_gmt":"2022-10-06T11:22:12","slug":"taca-afc-marialvas-volta-a-bater-o-carapinheirense","status":"publish","type":"post","link":"https:\/\/critecnow.com\/diariobeiras\/taca-afc-marialvas-volta-a-bater-o-carapinheirense\/","title":{"rendered":"Ta\u00e7a AFC: Marialvas volta a bater o Carapinheirense"},"content":{"rendered":"<p><a href=\"https:\/\/www.asbeiras.pt\/wp-content\/uploads\/2022\/10\/15-MARIALVAS-VS-CARAPINHEIRENSE-PR.jpg\"><img loading=\"lazy\" decoding=\"async\" class=\"alignnone size-medium wp-image-247336\" src=\"https:\/\/www.asbeiras.pt\/wp-content\/uploads\/2022\/10\/15-MARIALVAS-VS-CARAPINHEIRENSE-PR-300x200.jpg\" alt=\"\" width=\"300\" height=\"200\" \/><\/a><\/p>\n<p>Numa reedi\u00e7\u00e3o da \u00faltima final da Ta\u00e7a da AF Coimbra, o Marialvas, atual detentor do trof\u00e9u, voltou a bater o Carapinheirense, no Complexo Desportivo de Cantanhede, desta vez por 2-1.<\/p>\n<p>A forma\u00e7\u00e3o orientada por Paulo Taraio carimbou assim a passagem \u00e0 3.\u00aa eliminat\u00f3ria da prova, fase da competi\u00e7\u00e3o onde vai medir for\u00e7as com o Sepins.<\/p>\n<p>Num jogo que se previa dividido e equilibrado, cedo se percebeu que a equipa da casa queria resolver cedo a quest\u00e3o, at\u00e9 porque vinha de uma partida em que jogou 50 minutos com 10 unidades (derrota, 3-1, no reduto da Sanjoanense na 2.\u00aa eliminat\u00f3ria da Ta\u00e7a de Portugal).<\/p>\n<p>No entanto, apesar da ambi\u00e7\u00e3o dos locais, aos 27\u2019, Caio, com um remate forte \u201cdo meio da rua\u201d, fez o 1-0 para a equipa da Carapinheira e levou os visitantes na frente do marcador para o descanso.<\/p>\n<p><em>Ler not\u00edcia completa na edi\u00e7\u00e3o de hoje do DI\u00c1RIO AS BEIRAS\u00a0<\/em><\/p>\n<p>&nbsp;<\/p>\n","protected":false},"excerpt":{"rendered":"<p>Numa reedi\u00e7\u00e3o da \u00faltima final da Ta\u00e7a da AF Coimbra, o Marialvas, atual detentor do trof\u00e9u, voltou a bater o Carapinheirense, no Complexo Desportivo de Cantanhede, desta vez por 2-1. A forma\u00e7\u00e3o orientada por Paulo Taraio carimbou assim a passagem \u00e0 3.\u00aa eliminat\u00f3ria da prova, fase da competi\u00e7\u00e3o onde vai medir for\u00e7as com o Sepins. [&hellip;]<\/p>\n","protected":false},"author":1,"featured_media":247336,"comment_status":"open","ping_status":"open","sticky":false,"template":"","format":"standard","meta":{"_acf_changed":false,"footnotes":""},"categories":[4,31],"tags":[3560,590],"class_list":["post-247335","post","type-post","status-publish","format-standard","has-post-thumbnail","hentry","category-desporto","category-geral","tag-carapinheirense","tag-marialvas"],"acf":[],"_links":{"self":[{"href":"https:\/\/critecnow.com\/diariobeiras\/wp-json\/wp\/v2\/posts\/247335","targetHints":{"allow":["GET"]}}],"collection":[{"href":"https:\/\/critecnow.com\/diariobeiras\/wp-json\/wp\/v2\/posts"}],"about":[{"href":"https:\/\/critecnow.com\/diariobeiras\/wp-json\/wp\/v2\/types\/post"}],"author":[{"embeddable":true,"href":"https:\/\/critecnow.com\/diariobeiras\/wp-json\/wp\/v2\/users\/1"}],"replies":[{"embeddable":true,"href":"https:\/\/critecnow.com\/diariobeiras\/wp-json\/wp\/v2\/comments?post=247335"}],"version-history":[{"count":0,"href":"https:\/\/critecnow.com\/diariobeiras\/wp-json\/wp\/v2\/posts\/247335\/revisions"}],"wp:attachment":[{"href":"https:\/\/critecnow.com\/diariobeiras\/wp-json\/wp\/v2\/media?parent=247335"}],"wp:term":[{"taxonomy":"category","embeddable":true,"href":"https:\/\/critecnow.com\/diariobeiras\/wp-json\/wp\/v2\/categories?post=247335"},{"taxonomy":"post_tag","embeddable":true,"href":"https:\/\/critecnow.com\/diariobeiras\/wp-json\/wp\/v2\/tags?post=247335"}],"curies":[{"name":"wp","href":"https:\/\/api.w.org\/{rel}","templated":true}]}}