{"id":247761,"date":"2022-10-13T11:08:28","date_gmt":"2022-10-13T10:08:28","guid":{"rendered":"https:\/\/www.asbeiras.pt\/?p=247761"},"modified":"2022-10-13T11:08:28","modified_gmt":"2022-10-13T10:08:28","slug":"futebol-uniao-1919-volta-a-contar-com-equipa-feminina-na-familia","status":"publish","type":"post","link":"https:\/\/critecnow.com\/diariobeiras\/futebol-uniao-1919-volta-a-contar-com-equipa-feminina-na-familia\/","title":{"rendered":"Futebol: Uni\u00e3o 1919 volta a contar com equipa feminina na \u201cfam\u00edlia\u201d"},"content":{"rendered":"<div id=\"attachment_247762\" style=\"width: 1210px\" class=\"wp-caption alignnone\"><a href=\"https:\/\/www.asbeiras.pt\/wp-content\/uploads\/2022\/10\/Uniao-1919-futebol-feminino.jpg\"><img loading=\"lazy\" decoding=\"async\" aria-describedby=\"caption-attachment-247762\" class=\"wp-image-247762 size-full\" src=\"https:\/\/www.asbeiras.pt\/wp-content\/uploads\/2022\/10\/Uniao-1919-futebol-feminino.jpg\" alt=\"\" width=\"1200\" height=\"628\" \/><\/a><p id=\"caption-attachment-247762\" class=\"wp-caption-text\">DR\/Clube Uni\u00e3o 1919<\/p><\/div>\n<p>\u201cSomos uma equipa. Somos um s\u00f3. Somos uma fam\u00edlia\u201d. As tr\u00eas frases pertencem ao treinador Jos\u00e9 Gon\u00e7alves, t\u00e9cnico que utiliza as express\u00f5es como \u201clemas\u201d para a equipa feminina do Uni\u00e3o 1919.<br \/>\nO conjunto unionista, que foi um dos pioneiros do futebol feminino em Portugal (ver texto em baixo), volta a ter, na temporada 2022\/2023, uma equipa feminina, retomando assim a atividade no futebol feminino que tinha terminado no final da \u00e9poca 2002\/2003.<br \/>\n\u201cTemos uma equipa 100 por cento feminina que s\u00f3 compete com equipas masculinas. O nosso principal objetivo \u00e9 reerguer o futebol feminino do Uni\u00e3o 1919\u201d, confidenciou ao DI\u00c1RIO AS BEIRAS o t\u00e9cnico Jos\u00e9 Gon\u00e7alves.<br \/>\nA nova forma\u00e7\u00e3o, que conta com 22 atletas, compete no Campeonato Distrital Sub-13 de Futebol de 9 da Associa\u00e7\u00e3o de Futebol de Coimbra (AFC). \u201cCom esta equipa e com esta base de forma\u00e7\u00e3o queremos, daqui a alguns anos, voltar a ter uma equipa s\u00e9nior feminina\u201d, assumiu Jos\u00e9 Gon\u00e7alves.<\/p>\n<p><em><strong>Ler noticia completa na edi\u00e7\u00e3o impressa e digital do DI\u00c1RIO AS BEIRAS em 13\/10\/2022<\/strong><\/em><\/p>\n","protected":false},"excerpt":{"rendered":"<p>\u201cSomos uma equipa. Somos um s\u00f3. Somos uma fam\u00edlia\u201d. As tr\u00eas frases pertencem ao treinador Jos\u00e9 Gon\u00e7alves, t\u00e9cnico que utiliza as express\u00f5es como \u201clemas\u201d para a equipa feminina do Uni\u00e3o 1919.<\/p>\n","protected":false},"author":1,"featured_media":247762,"comment_status":"open","ping_status":"open","sticky":false,"template":"","format":"standard","meta":{"_acf_changed":false,"footnotes":""},"categories":[4,31],"tags":[1975,1315,591],"class_list":["post-247761","post","type-post","status-publish","format-standard","has-post-thumbnail","hentry","category-desporto","category-geral","tag-futebol-feminino","tag-regresso","tag-uniao-1919"],"acf":[],"_links":{"self":[{"href":"https:\/\/critecnow.com\/diariobeiras\/wp-json\/wp\/v2\/posts\/247761","targetHints":{"allow":["GET"]}}],"collection":[{"href":"https:\/\/critecnow.com\/diariobeiras\/wp-json\/wp\/v2\/posts"}],"about":[{"href":"https:\/\/critecnow.com\/diariobeiras\/wp-json\/wp\/v2\/types\/post"}],"author":[{"embeddable":true,"href":"https:\/\/critecnow.com\/diariobeiras\/wp-json\/wp\/v2\/users\/1"}],"replies":[{"embeddable":true,"href":"https:\/\/critecnow.com\/diariobeiras\/wp-json\/wp\/v2\/comments?post=247761"}],"version-history":[{"count":0,"href":"https:\/\/critecnow.com\/diariobeiras\/wp-json\/wp\/v2\/posts\/247761\/revisions"}],"wp:attachment":[{"href":"https:\/\/critecnow.com\/diariobeiras\/wp-json\/wp\/v2\/media?parent=247761"}],"wp:term":[{"taxonomy":"category","embeddable":true,"href":"https:\/\/critecnow.com\/diariobeiras\/wp-json\/wp\/v2\/categories?post=247761"},{"taxonomy":"post_tag","embeddable":true,"href":"https:\/\/critecnow.com\/diariobeiras\/wp-json\/wp\/v2\/tags?post=247761"}],"curies":[{"name":"wp","href":"https:\/\/api.w.org\/{rel}","templated":true}]}}