{"id":248251,"date":"2022-10-19T14:04:55","date_gmt":"2022-10-19T13:04:55","guid":{"rendered":"https:\/\/www.asbeiras.pt\/?p=248251"},"modified":"2022-10-19T14:04:55","modified_gmt":"2022-10-19T13:04:55","slug":"francisca-van-dunem-alerta-para-a-repeticao-exaustiva-de-imagens-de-violencia-nos-media","status":"publish","type":"post","link":"https:\/\/critecnow.com\/diariobeiras\/francisca-van-dunem-alerta-para-a-repeticao-exaustiva-de-imagens-de-violencia-nos-media\/","title":{"rendered":"Francisca Van Dunem alerta para a repeti\u00e7\u00e3o \u201cexaustiva\u201d de imagens de viol\u00eancia nos m\u00e9dia"},"content":{"rendered":"<div id=\"attachment_217478\" style=\"width: 1210px\" class=\"wp-caption alignnone\"><a href=\"https:\/\/www.asbeiras.pt\/wp-content\/uploads\/2021\/05\/06-FRANCISCA-VAN-DUNEM-FOTO-DR.jpg\"><img loading=\"lazy\" decoding=\"async\" aria-describedby=\"caption-attachment-217478\" class=\"wp-image-217478 size-full\" src=\"https:\/\/www.asbeiras.pt\/wp-content\/uploads\/2021\/05\/06-FRANCISCA-VAN-DUNEM-FOTO-DR.jpg\" alt=\"\" width=\"1200\" height=\"628\" \/><\/a><p id=\"caption-attachment-217478\" class=\"wp-caption-text\">Arquivo<\/p><\/div>\n<p>A ex-ministra da Justi\u00e7a Francisca Van Dunem alertou hoje que a repeti\u00e7\u00e3o \u201cexaustiva\u201d de imagens de viol\u00eancia nos m\u00e9dia gera uma perce\u00e7\u00e3o errada de inseguran\u00e7a, num pa\u00eds onde a taxa de criminalidade \u00e9 baixa.<\/p>\n<p class=\"text-paragraph\">\u201cO estado de seguran\u00e7a, que \u00e9 real e objetivo [a criminalidade violenta e grave diminuiu mais de metade nos \u00faltimos 10 anos], n\u00e3o \u00e9 percecionado por uma grande franja da popula\u00e7\u00e3o e, sobretudo, n\u00e3o \u00e9 assim percecionado pelas camadas mais idosas e mais fr\u00e1geis da popula\u00e7\u00e3o\u201d, afirmou a antiga governante, que falava numa sess\u00e3o das Confer\u00eancias de Coimbra, dedicada \u00e0 seguran\u00e7a urbana.<\/p>\n<p class=\"text-paragraph\">Para Francisca Van Dunem, o desfasamento entre a realidade e a perce\u00e7\u00e3o ter\u00e1 como base a forma como a comunica\u00e7\u00e3o social aborda o crime e a viol\u00eancia.<\/p>\n<p class=\"text-paragraph\">\u201cA verdade \u00e9 que a repeti\u00e7\u00e3o exaustiva, por vezes \u2018ad nauseam\u2019, de imagens de viol\u00eancia e relatos de viol\u00eancia podem gerar sentimentos de inseguran\u00e7a t\u00e3o profundos como a pr\u00f3pria viv\u00eancia de uma situa\u00e7\u00e3o de viol\u00eancia, porque o medo tem um potencial de desestabiliza\u00e7\u00e3o aut\u00f3nomo\u201d, notou.<\/p>\n<p class=\"text-paragraph\">A discursar no Convento S\u00e3o Francisco, em Coimbra, a ex-ministra real\u00e7ou que o crime \u201choje vende\u201d e acaba por ser \u201cum produto de utiliza\u00e7\u00e3o intensiva nos meios de comunica\u00e7\u00e3o tradicionais\u201d.<\/p>\n<p class=\"text-paragraph\">\u201cAgora que estou reformada, tenho feito a experi\u00eancia de observar alguns canais de televis\u00e3o e devo dizer que a experi\u00eancia de algumas horas \u2013 um dia \u00e9 pesado \u2013 dedicada a observar a programa\u00e7\u00e3o de canais de televis\u00e3o em sinal aberto \u00e9, de facto, uma inicia\u00e7\u00e3o a um mundo paralelo e, sobretudo, uma triste descida a um universo de irresponsabilidade\u201d, vincou.<\/p>\n<p class=\"text-paragraph\">Segundo a antiga governante dos executivos de Ant\u00f3nio Costa, apesar de ser necess\u00e1rio \u201ccriar programas de preven\u00e7\u00e3o criminal\u201d, nenhum desses instrumentos ser\u00e1 eficaz se n\u00e3o for poss\u00edvel \u201caproximar a perce\u00e7\u00e3o das pessoas da realidade vivida da realidade que lhes \u00e9 criada justamente por esta bolha\u201d.<\/p>\n<p class=\"text-paragraph\">\u201c\u00c9 preciso trabalhar na preven\u00e7\u00e3o com os respons\u00e1veis dos \u00f3rg\u00e3os de comunica\u00e7\u00e3o social, no sentido de criarmos uma articula\u00e7\u00e3o mais eficaz entre o direito de informa\u00e7\u00e3o e o dever de informar e as exig\u00eancias de paz e de tranquilidade sociais\u201d, defendeu, sublinhando que o clima de medo gerado pela forma como a viol\u00eancia e o crime \u00e9 retratado nos m\u00e9dia acaba por tamb\u00e9m cercear a liberdade dos cidad\u00e3os.<\/p>\n<p class=\"text-paragraph\">A segunda edi\u00e7\u00e3o das Confer\u00eancias de Coimbra &#8220;Seguran\u00e7a Urbana &#8211; Os Munic\u00edpios e a Prote\u00e7\u00e3o do Espa\u00e7o P\u00fablico&#8221; come\u00e7ou na quarta-feira e termina na hoje.<\/p>\n","protected":false},"excerpt":{"rendered":"<p>A ex-ministra da Justi\u00e7a Francisca Van Dunem alertou hoje que a repeti\u00e7\u00e3o \u201cexaustiva\u201d de imagens de viol\u00eancia nos m\u00e9dia gera uma perce\u00e7\u00e3o errada de inseguran\u00e7a, num pa\u00eds onde a taxa de criminalidade \u00e9 baixa.<\/p>\n","protected":false},"author":1,"featured_media":217478,"comment_status":"open","ping_status":"open","sticky":false,"template":"","format":"standard","meta":{"_acf_changed":false,"footnotes":""},"categories":[39,31],"tags":[10387,40,116,10402,10403],"class_list":["post-248251","post","type-post","status-publish","format-standard","has-post-thumbnail","hentry","category-coimbra-2","category-geral","tag-conferencias-de-coimbra","tag-coimbra","tag-convento-sao-francisco","tag-francisca-van-dunem","tag-segunda-edicao"],"acf":[],"_links":{"self":[{"href":"https:\/\/critecnow.com\/diariobeiras\/wp-json\/wp\/v2\/posts\/248251","targetHints":{"allow":["GET"]}}],"collection":[{"href":"https:\/\/critecnow.com\/diariobeiras\/wp-json\/wp\/v2\/posts"}],"about":[{"href":"https:\/\/critecnow.com\/diariobeiras\/wp-json\/wp\/v2\/types\/post"}],"author":[{"embeddable":true,"href":"https:\/\/critecnow.com\/diariobeiras\/wp-json\/wp\/v2\/users\/1"}],"replies":[{"embeddable":true,"href":"https:\/\/critecnow.com\/diariobeiras\/wp-json\/wp\/v2\/comments?post=248251"}],"version-history":[{"count":0,"href":"https:\/\/critecnow.com\/diariobeiras\/wp-json\/wp\/v2\/posts\/248251\/revisions"}],"wp:featuredmedia":[{"embeddable":true,"href":"https:\/\/critecnow.com\/diariobeiras\/wp-json\/"}],"wp:attachment":[{"href":"https:\/\/critecnow.com\/diariobeiras\/wp-json\/wp\/v2\/media?parent=248251"}],"wp:term":[{"taxonomy":"category","embeddable":true,"href":"https:\/\/critecnow.com\/diariobeiras\/wp-json\/wp\/v2\/categories?post=248251"},{"taxonomy":"post_tag","embeddable":true,"href":"https:\/\/critecnow.com\/diariobeiras\/wp-json\/wp\/v2\/tags?post=248251"}],"curies":[{"name":"wp","href":"https:\/\/api.w.org\/{rel}","templated":true}]}}