{"id":249201,"date":"2022-11-02T11:46:12","date_gmt":"2022-11-02T10:46:12","guid":{"rendered":"https:\/\/www.asbeiras.pt\/?p=249201"},"modified":"2022-11-02T11:46:12","modified_gmt":"2022-11-02T10:46:12","slug":"futebol-fatima-agradece-ajuda-medica-do-marialvas-em-jogo-de-juvenis","status":"publish","type":"post","link":"https:\/\/critecnow.com\/diariobeiras\/futebol-fatima-agradece-ajuda-medica-do-marialvas-em-jogo-de-juvenis\/","title":{"rendered":"Futebol: F\u00e1tima agradece ajuda m\u00e9dica do Marialvas em jogo de juvenis"},"content":{"rendered":"<div id=\"attachment_249202\" style=\"width: 1210px\" class=\"wp-caption alignnone\"><a href=\"https:\/\/www.asbeiras.pt\/wp-content\/uploads\/2022\/11\/13-Marialvas-Fatima-ACF-3-arq.jpg\"><img loading=\"lazy\" decoding=\"async\" aria-describedby=\"caption-attachment-249202\" class=\"wp-image-249202 size-full\" src=\"https:\/\/www.asbeiras.pt\/wp-content\/uploads\/2022\/11\/13-Marialvas-Fatima-ACF-3-arq.jpg\" alt=\"\" width=\"1200\" height=\"628\" \/><\/a><p id=\"caption-attachment-249202\" class=\"wp-caption-text\">DR<\/p><\/div>\n<p>A reta final da 1.\u00aa parte do encontro do passado domingo, entre Marialvas e F\u00e1tima, a contar para o Nacional da 1.\u00aa Divis\u00e3o de Juvenis ficou marcada por um choque aparatoso entre dois jogadores.<br \/>\nO guardi\u00e3o do Marialvas, Lu\u00eds Pereira, saiu da baliza para disputar uma bola e acabou por cair sobre a cabe\u00e7a de Nathan Caf\u00e9, avan\u00e7ado do F\u00e1tima, que ficou mal tratado.<br \/>\n\u201cQuando fomos chamados acab\u00e1mos por verificar que o advers\u00e1rio estava mais sintom\u00e1tico que o nosso guarda-redes e tivemos de o assistir. N\u00e3o chegou a perder os sentidos, mas ficou muito mal disposto, foi substitu\u00eddo e voltou a sentir-se mal, j\u00e1 no banco\u201d, contou, ao DI\u00c1RIO AS BEIRAS, Cl\u00e1udia Paulo, m\u00e9dica designada pelo Marialvas para esta partida.<br \/>\n\u201cSa\u00ed do meu banco e fui para o Banco do F\u00e1tima porque tive de o voltar a assistir e cham\u00e1mos o INEM para que fosse avaliado no hospital\u201d, recorda a m\u00e9dica de fam\u00edlia da Unidade de Sa\u00fade Familiar de Buarcos.<br \/>\nH\u00e1 depois de ter agradecido diretamente ao clube de Cantanhede, o F\u00e1tima fez quest\u00e3o de agradecer publicamente \u00e0 m\u00e9dica nas suas redes sociais por \u201ctodo o apoio e aux\u00edlio que prestou no jogo\u201d.<br \/>\n\u201cAproveitamos para informar que o jogador encontra-se completamente, restabelecido do choque tendo realizado a viagem de regresso em conjunto com a equipa\u201d, acrescentou o clube.<br \/>\nCl\u00e1udia Paulo agradeceu \u201co reconhecimento, que \u00e9 de louvar, mas n\u00e3o havia essa necessidade\u201d. \u201cN\u00e3o \u00e9 s\u00f3 a bola que interessa, interessa os mi\u00fados estarem bem f\u00edsica e psicologicamente\u201d, acrescenta a m\u00e9dica, que tamb\u00e9m \u00e9 m\u00e3e de um jogador do Marialvas. \u201cColaboro com os clubes onde o meu filho joga. \u00c9 assim desde que ele estava nos benjamins, mas de qualquer maneira, se estivesse na bancada tamb\u00e9m teria entrado em campo, se necess\u00e1rio, por isso n\u00e3o custa nada\u201d, acrescenta.<\/p>\n","protected":false},"excerpt":{"rendered":"<p>A reta final da 1.\u00aa parte do encontro do passado domingo, entre Marialvas e F\u00e1tima, a contar para o Nacional da 1.\u00aa Divis\u00e3o de Juvenis ficou marcada por um choque aparatoso entre dois jogadores.<\/p>\n","protected":false},"author":1,"featured_media":249202,"comment_status":"open","ping_status":"open","sticky":false,"template":"","format":"standard","meta":{"_acf_changed":false,"footnotes":""},"categories":[4,31],"tags":[5546,4619,590],"class_list":["post-249201","post","type-post","status-publish","format-standard","has-post-thumbnail","hentry","category-desporto","category-geral","tag-fatima","tag-juvenis","tag-marialvas"],"acf":[],"_links":{"self":[{"href":"https:\/\/critecnow.com\/diariobeiras\/wp-json\/wp\/v2\/posts\/249201","targetHints":{"allow":["GET"]}}],"collection":[{"href":"https:\/\/critecnow.com\/diariobeiras\/wp-json\/wp\/v2\/posts"}],"about":[{"href":"https:\/\/critecnow.com\/diariobeiras\/wp-json\/wp\/v2\/types\/post"}],"author":[{"embeddable":true,"href":"https:\/\/critecnow.com\/diariobeiras\/wp-json\/wp\/v2\/users\/1"}],"replies":[{"embeddable":true,"href":"https:\/\/critecnow.com\/diariobeiras\/wp-json\/wp\/v2\/comments?post=249201"}],"version-history":[{"count":0,"href":"https:\/\/critecnow.com\/diariobeiras\/wp-json\/wp\/v2\/posts\/249201\/revisions"}],"wp:attachment":[{"href":"https:\/\/critecnow.com\/diariobeiras\/wp-json\/wp\/v2\/media?parent=249201"}],"wp:term":[{"taxonomy":"category","embeddable":true,"href":"https:\/\/critecnow.com\/diariobeiras\/wp-json\/wp\/v2\/categories?post=249201"},{"taxonomy":"post_tag","embeddable":true,"href":"https:\/\/critecnow.com\/diariobeiras\/wp-json\/wp\/v2\/tags?post=249201"}],"curies":[{"name":"wp","href":"https:\/\/api.w.org\/{rel}","templated":true}]}}