{"id":249703,"date":"2022-11-09T11:39:30","date_gmt":"2022-11-09T10:39:30","guid":{"rendered":"https:\/\/www.asbeiras.pt\/?p=249703"},"modified":"2022-11-09T11:39:30","modified_gmt":"2022-11-09T10:39:30","slug":"detido-suspeito-de-descarregar-e-partilhar-ficheiros-pornograficos-de-menores","status":"publish","type":"post","link":"https:\/\/critecnow.com\/diariobeiras\/detido-suspeito-de-descarregar-e-partilhar-ficheiros-pornograficos-de-menores\/","title":{"rendered":"Detido suspeito de descarregar e partilhar ficheiros pornogr\u00e1ficos de menores"},"content":{"rendered":"<p><a href=\"https:\/\/www.asbeiras.pt\/wp-content\/uploads\/2022\/03\/Policia-Judiciaria.jpg\"><img loading=\"lazy\" decoding=\"async\" class=\"alignnone wp-image-233138 size-full\" src=\"https:\/\/www.asbeiras.pt\/wp-content\/uploads\/2022\/03\/Policia-Judiciaria.jpg\" alt=\"\" width=\"1200\" height=\"628\" \/><\/a><\/p>\n<p>A Pol\u00edcia Judici\u00e1ria (PJ) deteve em flagrante, na cidade de Coimbra, um homem suspeito de descarregar, partilhar e guardar ficheiros pornogr\u00e1ficos de menores.<\/p>\n<p class=\"text-paragraph\">Em comunicado, a PJ explica que, no \u00e2mbito de uma investiga\u00e7\u00e3o em curso, detetou nos sistemas inform\u00e1ticos utilizados pelo suspeito registos que \u201cindiciam a descarga, partilha e guarda de milhares de fotografias e v\u00eddeos, com conte\u00fado pornogr\u00e1fico, envolvendo menores de 14 anos\u201d.<\/p>\n<p class=\"text-paragraph\">O detido, de 27 anos, foi presente a primeiro interrogat\u00f3rio judicial e ficou em pris\u00e3o domicili\u00e1ria, com pulseira eletr\u00f3nica e proibido de usar a internet.<\/p>\n","protected":false},"excerpt":{"rendered":"<p>A Pol\u00edcia Judici\u00e1ria (PJ) deteve em flagrante, na cidade de Coimbra, um homem suspeito de descarregar, partilhar e guardar ficheiros pornogr\u00e1ficos de menores.<\/p>\n","protected":false},"author":1,"featured_media":233138,"comment_status":"open","ping_status":"open","sticky":false,"template":"","format":"standard","meta":{"_acf_changed":false,"footnotes":""},"categories":[39,31],"tags":[40,491,2981,1271,493,837],"class_list":["post-249703","post","type-post","status-publish","format-standard","has-post-thumbnail","hentry","category-coimbra-2","category-geral","tag-coimbra","tag-detencao","tag-partilha","tag-policia-judiciaria","tag-pornografia-infantil","tag-suspeito"],"acf":[],"_links":{"self":[{"href":"https:\/\/critecnow.com\/diariobeiras\/wp-json\/wp\/v2\/posts\/249703","targetHints":{"allow":["GET"]}}],"collection":[{"href":"https:\/\/critecnow.com\/diariobeiras\/wp-json\/wp\/v2\/posts"}],"about":[{"href":"https:\/\/critecnow.com\/diariobeiras\/wp-json\/wp\/v2\/types\/post"}],"author":[{"embeddable":true,"href":"https:\/\/critecnow.com\/diariobeiras\/wp-json\/wp\/v2\/users\/1"}],"replies":[{"embeddable":true,"href":"https:\/\/critecnow.com\/diariobeiras\/wp-json\/wp\/v2\/comments?post=249703"}],"version-history":[{"count":0,"href":"https:\/\/critecnow.com\/diariobeiras\/wp-json\/wp\/v2\/posts\/249703\/revisions"}],"wp:featuredmedia":[{"embeddable":true,"href":"https:\/\/critecnow.com\/diariobeiras\/wp-json\/"}],"wp:attachment":[{"href":"https:\/\/critecnow.com\/diariobeiras\/wp-json\/wp\/v2\/media?parent=249703"}],"wp:term":[{"taxonomy":"category","embeddable":true,"href":"https:\/\/critecnow.com\/diariobeiras\/wp-json\/wp\/v2\/categories?post=249703"},{"taxonomy":"post_tag","embeddable":true,"href":"https:\/\/critecnow.com\/diariobeiras\/wp-json\/wp\/v2\/tags?post=249703"}],"curies":[{"name":"wp","href":"https:\/\/api.w.org\/{rel}","templated":true}]}}