{"id":249786,"date":"2022-11-10T10:43:44","date_gmt":"2022-11-10T09:43:44","guid":{"rendered":"https:\/\/www.asbeiras.pt\/?p=249786"},"modified":"2022-11-10T10:43:44","modified_gmt":"2022-11-10T09:43:44","slug":"peritos-de-todo-o-mundo-debatem-incendios-florestais","status":"publish","type":"post","link":"https:\/\/critecnow.com\/diariobeiras\/peritos-de-todo-o-mundo-debatem-incendios-florestais\/","title":{"rendered":"Peritos de todo o mundo debatem inc\u00eandios florestais"},"content":{"rendered":"<div id=\"attachment_249787\" style=\"width: 1210px\" class=\"wp-caption alignnone\"><a href=\"https:\/\/www.asbeiras.pt\/wp-content\/uploads\/2022\/11\/07-incendio-dr.jpg\"><img loading=\"lazy\" decoding=\"async\" aria-describedby=\"caption-attachment-249787\" class=\"wp-image-249787 size-full\" src=\"https:\/\/www.asbeiras.pt\/wp-content\/uploads\/2022\/11\/07-incendio-dr.jpg\" alt=\"\" width=\"1200\" height=\"628\" \/><\/a><p id=\"caption-attachment-249787\" class=\"wp-caption-text\">DR<\/p><\/div>\n<p>Mais de tr\u00eas centenas de investigadores e t\u00e9cnicos operacionais de todo o mundo v\u00e3o participar na IX Confer\u00eancia Internacional sobre Inc\u00eandios Florestais que vai ter lugar, em Coimbra, a partir de amanh\u00e3 e at\u00e9 dia 18 de novembro.<br \/>\nOrganizada pelo Centro de Estudos sobre Inc\u00eandios Florestais (CEIF) da Associa\u00e7\u00e3o para o Desenvolvimento da Aerodin\u00e2mica Industrial da FCTUC, a iniciativa vai focar-se nos principais temas relacionados com a gest\u00e3o dos inc\u00eandios florestais, na perspetiva da investiga\u00e7\u00e3o cient\u00edfica, nomeadamente a gest\u00e3o do risco, a redu\u00e7\u00e3o e a adapta\u00e7\u00e3o ao risco, o comportamento do fogo e a seguran\u00e7a, os inc\u00eandios na interface urbano florestal e os sistemas de apoio \u00e0 decis\u00e3o.<br \/>\nDe acordo com Domingos Xavier Viegas, presidente da comiss\u00e3o organizadora do evento, \u201cser\u00e1 prestada uma aten\u00e7\u00e3o particular \u00e0 investiga\u00e7\u00e3o em curso na Europa e \u00e0 necessidade de promover uma maior coopera\u00e7\u00e3o entre os programas de investiga\u00e7\u00e3o, a n\u00edvel nacional, europeu e internacional\u201d.<br \/>\n\u201cHaver\u00e1 uma sess\u00e3o dedicada a apresentar os principais projetos em curso na Uni\u00e3o Europeia, a fim de incentivar o refor\u00e7o de redes j\u00e1 existentes entre os v\u00e1rios grupos e projetos de investiga\u00e7\u00e3o, dentro e fora da Europa\u201d, afirmou, citado numa nota de imprensa enviada \u00e0s reda\u00e7\u00f5es.<br \/>\nSegundo o especialista em inc\u00eandios florestais, a confer\u00eancia ser\u00e1 precedida de dois cursos especializados, tirando partido da presen\u00e7a no pa\u00eds de um \u201cconjunto de especialistas com uma importante e reconhecida atividade nas respetivas \u00e1reas\u201d.<\/p>\n<p>Curso presidido por Patr\u00edcia Gaspar<br \/>\nAssim, amanh\u00e3 realiza-se o Curso de Seguran\u00e7a Pessoal, coordenado por Jason Sharples, da Universidade de Canberra, na Austr\u00e1lia, e presidido pela secret\u00e1ria de Estado da Prote\u00e7\u00e3o Civil, Patr\u00edcia Gaspar. Este curso destina-se sobretudo a t\u00e9cnicos, agentes operacionais e a investigadores da tem\u00e1tica da seguran\u00e7a nos inc\u00eandios.<br \/>\nA IX edi\u00e7\u00e3o ter\u00e1 v\u00e1rias li\u00e7\u00f5es dedicadas ao bem&#8211;estar f\u00edsico e mental dos bombeiros, bem como ao importante tema da presta\u00e7\u00e3o de socorro e apoio m\u00e9dico e psicol\u00f3gico aos bombeiros, em condi\u00e7\u00f5es de emerg\u00eancia.<br \/>\nO segundo curso, nos dias 12 e 13, \u00e9 dedicado ao Comportamento do Fogo, coordenado por Albert Simeoni, do Worcester Polythecnic Institute, dos Estados Unidos da Am\u00e9rica. \u00c9 dirigido essencialmente a investigadores e t\u00e9cnicos operacionais envolvidos neste tema.<br \/>\nDestaque ainda para a realiza\u00e7\u00e3o de uma visita ao Laborat\u00f3rio de Estudos sobre Inc\u00eandios Florestais, situado na Lous\u00e3, na qual ser\u00e3o apresentados os principais trabalhos realizados naquela infraestrutura pelo CEIF, incluindo a atividade de forma\u00e7\u00e3o que \u00e9 realizada, em colabora\u00e7\u00e3o com diversas entidades, nomeadamente a Escola Nacional de Bombeiros.<br \/>\nNo \u00faltimo dia da confer\u00eancia, 18 de novembro, realiza-se uma visita \u00e0 Serra da Estrela para conhecer os principais factos associados ao maior inc\u00eandio ocorrido este ano em Portugal, assim como para perceber a metodologia de gest\u00e3o dos impactos decorrentes. Nesta visita, em associa\u00e7\u00e3o com o Instituto da Conserva\u00e7\u00e3o da Natureza e das Florestas, ir\u00e1 proceder-se a uma planta\u00e7\u00e3o simb\u00f3lica de \u00e1rvores, a qual pretende representar a refloresta\u00e7\u00e3o de \u00e1reas queimadas que a ADAI ir\u00e1 promover, integrado no Projeto ICFFR Zero Carbon Footprint.<br \/>\nEste projeto tem como objetivo minimizar as emiss\u00f5es de di\u00f3xido de carbono equivalente resultantes das atividades associadas \u00e0 realiza\u00e7\u00e3o deste evento, tais como as viagens dos participantes.<\/p>\n","protected":false},"excerpt":{"rendered":"<p>Mais de tr\u00eas centenas de investigadores e t\u00e9cnicos operacionais de todo o mundo v\u00e3o participar na IX Confer\u00eancia Internacional sobre Inc\u00eandios Florestais que vai ter lugar, em Coimbra, a partir de amanh\u00e3 e at\u00e9 dia 18 de novembro.<\/p>\n","protected":false},"author":1,"featured_media":249787,"comment_status":"open","ping_status":"open","sticky":false,"template":"","format":"standard","meta":{"_acf_changed":false,"footnotes":""},"categories":[39,31],"tags":[10755,10756,40,1420,10757],"class_list":["post-249786","post","type-post","status-publish","format-standard","has-post-thumbnail","hentry","category-coimbra-2","category-geral","tag-associacao-para-o-desenvolvimento-da-aerodinamica-industrial-da-fctuc","tag-centro-de-estudos-sobre-incendios-florestais","tag-coimbra","tag-debate","tag-ix-conferencia-internacional-sobre-incendios-florestais"],"acf":[],"_links":{"self":[{"href":"https:\/\/critecnow.com\/diariobeiras\/wp-json\/wp\/v2\/posts\/249786","targetHints":{"allow":["GET"]}}],"collection":[{"href":"https:\/\/critecnow.com\/diariobeiras\/wp-json\/wp\/v2\/posts"}],"about":[{"href":"https:\/\/critecnow.com\/diariobeiras\/wp-json\/wp\/v2\/types\/post"}],"author":[{"embeddable":true,"href":"https:\/\/critecnow.com\/diariobeiras\/wp-json\/wp\/v2\/users\/1"}],"replies":[{"embeddable":true,"href":"https:\/\/critecnow.com\/diariobeiras\/wp-json\/wp\/v2\/comments?post=249786"}],"version-history":[{"count":0,"href":"https:\/\/critecnow.com\/diariobeiras\/wp-json\/wp\/v2\/posts\/249786\/revisions"}],"wp:attachment":[{"href":"https:\/\/critecnow.com\/diariobeiras\/wp-json\/wp\/v2\/media?parent=249786"}],"wp:term":[{"taxonomy":"category","embeddable":true,"href":"https:\/\/critecnow.com\/diariobeiras\/wp-json\/wp\/v2\/categories?post=249786"},{"taxonomy":"post_tag","embeddable":true,"href":"https:\/\/critecnow.com\/diariobeiras\/wp-json\/wp\/v2\/tags?post=249786"}],"curies":[{"name":"wp","href":"https:\/\/api.w.org\/{rel}","templated":true}]}}