{"id":249866,"date":"2022-11-11T11:22:41","date_gmt":"2022-11-11T10:22:41","guid":{"rendered":"https:\/\/www.asbeiras.pt\/?p=249866"},"modified":"2022-11-11T11:22:41","modified_gmt":"2022-11-11T10:22:41","slug":"faculdade-de-economia-comemora-50-anos-a-construir-o-futuro","status":"publish","type":"post","link":"https:\/\/critecnow.com\/diariobeiras\/faculdade-de-economia-comemora-50-anos-a-construir-o-futuro\/","title":{"rendered":"Faculdade de Economia comemora \u201c50 anos a construir o futuro\u201d"},"content":{"rendered":"<p><a href=\"https:\/\/www.asbeiras.pt\/wp-content\/uploads\/2022\/11\/07-Apresentacao-50-anos-FEUC-ACF.jpg\"><img loading=\"lazy\" decoding=\"async\" class=\"alignnone size-full wp-image-249867\" src=\"https:\/\/www.asbeiras.pt\/wp-content\/uploads\/2022\/11\/07-Apresentacao-50-anos-FEUC-ACF.jpg\" alt=\"\" width=\"1200\" height=\"628\" \/><\/a><\/p>\n<p>A partir do pr\u00f3ximo dia 2 de dezembro de 2022 \u2013 e durante um ano \u2013, a Faculdade de Economia da Universidade de Coimbra (FEUC) abre-se \u00e0 cidade para comemorar meio s\u00e9culo de exist\u00eancia, oferecendo um vasto conjunto de iniciativas cient\u00edficas e culturais.<br \/>\nOntem, na apresenta\u00e7\u00e3o da evento \u201cFEUC, 50 anos a construir o futuro\u201d, \u00c1lvaro Garrido, diretor da institui\u00e7\u00e3o, disse que a programa\u00e7\u00e3o apela a um forte envolvimento da faculdade, dos seus docentes e estudantes, no debate e resolu\u00e7\u00e3o dos grandes problemas do nosso tempo\u201d.<br \/>\nAs comemora\u00e7\u00f5es t\u00eam in\u00edcio a 2 de dezembro (dia em que a FEUC celebra 50 anos), com uma confer\u00eancia proferida por Elisa Ferreira, dedicada ao tema \u201cTerrit\u00f3rio e desenvolvimento econ\u00f3mico\u201d. Ao longo do ano, v\u00e3o decorrer v\u00e1rias iniciativas (ver programa), que culminar\u00e3o, em dezembro de 2023, com uma confer\u00eancia de encerramento por Boaventura Sousa Santos.<br \/>\nAl\u00e9m das iniciativas transversais, est\u00e3o previstas outras atividades. \u201c5 Dimens\u00f5es para 5 D\u00e9cadas\u201d inclui um ciclo de conversas (talks), um clube de leitura (com docentes a comentar livros de refer\u00eancia do pensamento econ\u00f3mico e social), a proje\u00e7\u00e3o de filmes seguida de debate, registos em v\u00eddeo de projetos de investiga\u00e7\u00e3o, e um conjunto de entrevistas a docentes da FEUC que ficar\u00e1 disponibilizado nos canais de divulga\u00e7\u00e3o da faculdade. Este conjunto de \u201cmicro-iniciativas\u201d ter\u00e1 media\u00e7\u00e3o da ag\u00eancia cultural Gerador.<br \/>\nCom cerca de 2.700 alunos, 100 docentes e 30 funcion\u00e1rios, a FEUC \u201cest\u00e1 muito din\u00e2mica\u201d. Tamb\u00e9m por essa raz\u00e3o, \u00c1lvaro Garrido rejeita uma \u201cabordagem passadista ou nost\u00e1lgica\u201d nestas comemora\u00e7\u00f5es.<br \/>\n\u201cO que nos interessa \u00e9 mesmo o futuro da faculdade. S\u00e3o os pr\u00f3ximos 50 anos\u201d, afirmou.<\/p>\n","protected":false},"excerpt":{"rendered":"<p>A partir do pr\u00f3ximo dia 2 de dezembro de 2022 \u2013 e durante um ano \u2013, a Faculdade de Economia da Universidade de Coimbra (FEUC) abre-se \u00e0 cidade para comemorar meio s\u00e9culo de exist\u00eancia, oferecendo um vasto conjunto de iniciativas cient\u00edficas e culturais.<\/p>\n","protected":false},"author":1,"featured_media":249867,"comment_status":"open","ping_status":"open","sticky":false,"template":"","format":"standard","meta":{"_acf_changed":false,"footnotes":""},"categories":[39,31],"tags":[40,1421],"class_list":["post-249866","post","type-post","status-publish","format-standard","has-post-thumbnail","hentry","category-coimbra-2","category-geral","tag-coimbra","tag-feuc"],"acf":[],"_links":{"self":[{"href":"https:\/\/critecnow.com\/diariobeiras\/wp-json\/wp\/v2\/posts\/249866","targetHints":{"allow":["GET"]}}],"collection":[{"href":"https:\/\/critecnow.com\/diariobeiras\/wp-json\/wp\/v2\/posts"}],"about":[{"href":"https:\/\/critecnow.com\/diariobeiras\/wp-json\/wp\/v2\/types\/post"}],"author":[{"embeddable":true,"href":"https:\/\/critecnow.com\/diariobeiras\/wp-json\/wp\/v2\/users\/1"}],"replies":[{"embeddable":true,"href":"https:\/\/critecnow.com\/diariobeiras\/wp-json\/wp\/v2\/comments?post=249866"}],"version-history":[{"count":0,"href":"https:\/\/critecnow.com\/diariobeiras\/wp-json\/wp\/v2\/posts\/249866\/revisions"}],"wp:attachment":[{"href":"https:\/\/critecnow.com\/diariobeiras\/wp-json\/wp\/v2\/media?parent=249866"}],"wp:term":[{"taxonomy":"category","embeddable":true,"href":"https:\/\/critecnow.com\/diariobeiras\/wp-json\/wp\/v2\/categories?post=249866"},{"taxonomy":"post_tag","embeddable":true,"href":"https:\/\/critecnow.com\/diariobeiras\/wp-json\/wp\/v2\/tags?post=249866"}],"curies":[{"name":"wp","href":"https:\/\/api.w.org\/{rel}","templated":true}]}}