{"id":250250,"date":"2022-11-16T10:58:08","date_gmt":"2022-11-16T09:58:08","guid":{"rendered":"https:\/\/www.asbeiras.pt\/?p=250250"},"modified":"2022-11-16T10:58:08","modified_gmt":"2022-11-16T09:58:08","slug":"novo-suv-eletrico-smart-1-chega-hoje-a-sodicentro","status":"publish","type":"post","link":"https:\/\/critecnow.com\/diariobeiras\/novo-suv-eletrico-smart-1-chega-hoje-a-sodicentro\/","title":{"rendered":"Novo SUV el\u00e9trico smart #1 chega hoje \u00e0 Sodicentro"},"content":{"rendered":"<div id=\"attachment_250251\" style=\"width: 1210px\" class=\"wp-caption alignnone\"><a href=\"https:\/\/www.asbeiras.pt\/wp-content\/uploads\/2022\/11\/18-smart-1-_2022-7.jpg\"><img loading=\"lazy\" decoding=\"async\" aria-describedby=\"caption-attachment-250251\" class=\"wp-image-250251 size-full\" src=\"https:\/\/www.asbeiras.pt\/wp-content\/uploads\/2022\/11\/18-smart-1-_2022-7.jpg\" alt=\"\" width=\"1200\" height=\"628\" \/><\/a><p id=\"caption-attachment-250251\" class=\"wp-caption-text\">DR<\/p><\/div>\n<p>Um dos mais irreverentes modelos de autom\u00f3veis anunciados para 2022 chega hoje a Portugal e concretamente ao agente oficial da marca smart em Coimbra: Sodicento.<br \/>\nA expectativa que foi criada nos \u00faltimos meses ser\u00e1 satisfeita a partir das 10H30 e at\u00e9 \u00e0s 17H30, com o concession\u00e1rio Sodicentro de portas abertas para receber os potenciais clientes do SUV el\u00e9trico smart #1.<br \/>\n\u201cTemos muito orgulho em apresentar finalmente a vers\u00e3o de produ\u00e7\u00e3o do nosso smart #1. N\u00e3o \u00e9 apenas um s\u00edmbolo da nova abordagem da smart, mas \u00e9 tamb\u00e9m o n\u00facleo de todas as coisas que est\u00e3o para vir. Com a renova\u00e7\u00e3o da marca, vamos concentrar-nos ainda mais numa experi\u00eancia de mobilidade sem lacunas\u201d, diz Dirk Adelmann, CEO smart Europe.<br \/>\nO novo modelo \u00e9 \u201cum corte com o passado da marca\u201d porque resulta de uma parceria entre a Mercedes e a Geely (chinesa), com os alem\u00e3es a concentrarem-se no design e equipamento e os asi\u00e1ticos focados na tecnologia el\u00e9trica.<br \/>\nO #1 (hashtag 1) \u00e9 maior dos que os tradicionais smart, mesmo os forfour, mas mant\u00e9m a voca\u00e7\u00e3o urbana, beneficiando, contudo, do espa\u00e7o que proporciona um SUV, mesmo pequeno.<br \/>\n\u00c9 um autom\u00f3vel el\u00e9trico de tra\u00e7\u00e3o traseira, com o \u00fanico motor, que debita 200 kW (272 cv) e 343 Nm de bin\u00e1rio m\u00e1ximo para uma autonomia de 440 quil\u00f3metros. Tem tr\u00eas n\u00edveis de acabamento: Pure, Pro e Premium.<br \/>\nNo habit\u00e1culo h\u00e1 espa\u00e7o para cinco pessoas e duas bagageiras, resultado de uma solu\u00e7\u00e3o engenhosa, \u00e0 frente a atr\u00e1s. A da frente com 15 litros de capacidade e a de tr\u00e1s de 273 a 411 litros, em caso de rebatimento dos bancos.<br \/>\nConfirmando a imagem de inova\u00e7\u00e3o e avan\u00e7o tecnol\u00f3gico, o tabli\u00ea apresenta um \u201chead up display\u201d de 10 polegadas, para que n\u00e3o seja necess\u00e1rio tirar os olhos da estrada. A concluir, mais de 75% de todas as ECU (Eletronic Control Unit) do modelo podem ser atualizadas remotamente.<\/p>\n","protected":false},"excerpt":{"rendered":"<p>Seja no design, no equipamento, no desenvolvimento tecnol\u00f3gico ou na motoriza\u00e7\u00e3o el\u00e9trica, anuncia-se um carro completamente revolucion\u00e1rio<\/p>\n","protected":false},"author":1,"featured_media":250251,"comment_status":"open","ping_status":"open","sticky":false,"template":"","format":"standard","meta":{"_acf_changed":false,"footnotes":""},"categories":[82,31],"tags":[1531,10881],"class_list":["post-250250","post","type-post","status-publish","format-standard","has-post-thumbnail","hentry","category-economia","category-geral","tag-sodicentro","tag-suv-eletrico-smart-1"],"acf":[],"_links":{"self":[{"href":"https:\/\/critecnow.com\/diariobeiras\/wp-json\/wp\/v2\/posts\/250250","targetHints":{"allow":["GET"]}}],"collection":[{"href":"https:\/\/critecnow.com\/diariobeiras\/wp-json\/wp\/v2\/posts"}],"about":[{"href":"https:\/\/critecnow.com\/diariobeiras\/wp-json\/wp\/v2\/types\/post"}],"author":[{"embeddable":true,"href":"https:\/\/critecnow.com\/diariobeiras\/wp-json\/wp\/v2\/users\/1"}],"replies":[{"embeddable":true,"href":"https:\/\/critecnow.com\/diariobeiras\/wp-json\/wp\/v2\/comments?post=250250"}],"version-history":[{"count":0,"href":"https:\/\/critecnow.com\/diariobeiras\/wp-json\/wp\/v2\/posts\/250250\/revisions"}],"wp:attachment":[{"href":"https:\/\/critecnow.com\/diariobeiras\/wp-json\/wp\/v2\/media?parent=250250"}],"wp:term":[{"taxonomy":"category","embeddable":true,"href":"https:\/\/critecnow.com\/diariobeiras\/wp-json\/wp\/v2\/categories?post=250250"},{"taxonomy":"post_tag","embeddable":true,"href":"https:\/\/critecnow.com\/diariobeiras\/wp-json\/wp\/v2\/tags?post=250250"}],"curies":[{"name":"wp","href":"https:\/\/api.w.org\/{rel}","templated":true}]}}