{"id":250477,"date":"2022-11-21T11:20:41","date_gmt":"2022-11-21T10:20:41","guid":{"rendered":"https:\/\/www.asbeiras.pt\/?p=250477"},"modified":"2022-11-21T11:20:41","modified_gmt":"2022-11-21T10:20:41","slug":"mundial2022-ronaldo-tem-feeling-de-que-portugal-pode-ser-campeao","status":"publish","type":"post","link":"https:\/\/critecnow.com\/diariobeiras\/mundial2022-ronaldo-tem-feeling-de-que-portugal-pode-ser-campeao\/","title":{"rendered":"Mundial2022: Ronaldo tem \u201cfeeling\u201d de que Portugal pode ser campe\u00e3o"},"content":{"rendered":"<div id=\"txt\">\n<div id=\"attachment_250478\" style=\"width: 1210px\" class=\"wp-caption aligncenter\"><a href=\"https:\/\/www.asbeiras.pt\/2022\/11\/mundial2022-ronaldo-tem-feeling-de-que-portugal-pode-ser-campeao\/cristiano-ronaldo-catar\/\" rel=\"attachment wp-att-250478\"><img loading=\"lazy\" decoding=\"async\" aria-describedby=\"caption-attachment-250478\" class=\"size-full wp-image-250478\" src=\"https:\/\/www.asbeiras.pt\/wp-content\/uploads\/2022\/11\/cristiano-ronaldo-catar.jpg\" alt=\"\" width=\"1200\" height=\"628\" \/><\/a><p id=\"caption-attachment-250478\" class=\"wp-caption-text\">FPF<\/p><\/div>\n<p>&nbsp;<\/p>\n<p class=\"text-paragraph\">O avan\u00e7ado Cristiano Ronaldo disse hoje ter um \u201cfeeling\u201d de que a sele\u00e7\u00e3o portuguesa de futebol pode vencer o Mundial2022 e confessou que isso seria \u201cm\u00e1gico\u201d, ainda que admitindo que \u201cnestas competi\u00e7\u00f5es h\u00e1 que come\u00e7ar com calma\u201d.<\/p>\n<p class=\"text-paragraph\">\u201cAcredito que a nossa sele\u00e7\u00e3o tem um potencial enorme. Quanto a ganhar, veremos. Acredito que sim, tenho esse &#8216;feeling&#8217;, essa esperan\u00e7a, mas nestas competi\u00e7\u00f5es h\u00e1 que come\u00e7ar com calma, pensar primeiro no grupo, no jogo com o Gana, que \u00e9 o mais dif\u00edcil, por ser o primeiro. A partir da\u00ed, \u00e9 ir devagarinho\u201d, afirmou em confer\u00eancia de imprensa.<\/p>\n<p class=\"text-paragraph\">O capit\u00e3o da sele\u00e7\u00e3o nacional falou aos jornalistas no centro de treinos do Al-Shahaniya SC, nos arredores de Doha, onde confessou que \u00e9 \u201cum sonho\u201d vencer um Mundial e assegurou que Portugal est\u00e1 no Qatar com esse objetivo em mente.<\/p>\n<p class=\"text-paragraph\">\u201cSeria m\u00e1gico, um sonho. Ganhar um Mundial seria um sonho e estamos aqui para alcan\u00e7ar esse objetivo. Todos est\u00e3o aqui para alcan\u00e7ar esse objetivo\u201d, vincou.<\/p>\n<p class=\"text-paragraph\">Ainda assim, admitiu que h\u00e1 um lote de favoritos: \u201cBrasil, Argentina, Fran\u00e7a, Alemanha s\u00e3o aquelas sele\u00e7\u00f5es que costumam ter mais probabilidades, aquela pontinha de favoritismo para todo o mundo. No entanto, em 2016 [no Europeu], ningu\u00e9m dava nada por Portugal e ganh\u00e1mos. Pode haver surpresa e espero que assim seja desta vez tamb\u00e9m\u201d.<\/p>\n<p class=\"text-paragraph\">Apesar de um pequeno problema sentido no arranque da prepara\u00e7\u00e3o para a competi\u00e7\u00e3o, Ronaldo disse j\u00e1 estar \u201crecuperado e preparado para come\u00e7ar o Mundial da melhor maneira\u201d e ajudar a equipa das \u2018quinas\u2019 a vencer o Gana, na estreia no Grupo H da competi\u00e7\u00e3o, na quinta-feira.<\/p>\n<p class=\"text-paragraph\">O avan\u00e7ado do Manchester United, de 37 anos, vai participar pela quinta vez num Campeonato do Mundo, depois de 2006, 2010, 2014 e 2018, tendo atravessado, pelo menos, tr\u00eas gera\u00e7\u00f5es da sele\u00e7\u00e3o nacional. Contudo, recusou-se a fazer compara\u00e7\u00f5es e salientou que \u201ca melhor gera\u00e7\u00e3o \u00e9 sempre aquela que ganha\u201d.<\/p>\n<p class=\"text-paragraph\">\u201cEsta gera\u00e7\u00e3o \u00e9 muito boa, tem um potencial enorme, \u00e9 uma sele\u00e7\u00e3o jovem, uma mistura com mais velhos. Vai ser bonito de ver. A exig\u00eancia \u00e9 muito grande. Para ganhar a competi\u00e7\u00e3o, temos de ser os melhores. N\u00f3s acreditamos que somos os melhores, mas temos de mostrar isso em campo\u201d, referiu.<\/p>\n<p class=\"text-paragraph\">Sendo o quinto Campeonato do Mundo em que vai alinhar, Ronaldo fez quest\u00e3o de real\u00e7ar que \u201cos mundiais, e at\u00e9 mesmo os europeus, s\u00e3o marcantes, por tudo\u201d.<\/p>\n<p class=\"text-paragraph\">\u201cOs mundiais s\u00e3o diferentes, o mundo p\u00e1ra para nos ver a jogar. S\u00e3o sempre mem\u00f3rias muito bonitas. As mem\u00f3rias s\u00e3o sempre boas\u201d, expressou.<\/p>\n<p class=\"text-paragraph\">A estreia de Portugal no Grupo H est\u00e1 marcada para quinta-feira, diante do Gana, no Est\u00e1dio 974, em Doha, antes de defrontar o Uruguai, em 28 novembro, e a Coreia do Sul, de Paulo Bento, em 02 de dezembro.<\/p>\n<p class=\"text-paragraph\">A 22.\u00aa edi\u00e7\u00e3o do Campeonato do Mundo decorre at\u00e9 18 de dezembro, no Qatar.<\/p>\n<\/div>\n","protected":false},"excerpt":{"rendered":"<p>O avan\u00e7ado Cristiano Ronaldo disse hoje ter um \u201cfeeling\u201d de que a sele\u00e7\u00e3o portuguesa de futebol pode vencer o Mundial2022 e confessou que isso seria \u201cm\u00e1gico\u201d, ainda que admitindo que \u201cnestas competi\u00e7\u00f5es h\u00e1 que come\u00e7ar com calma\u201d.<\/p>\n","protected":false},"author":1,"featured_media":250478,"comment_status":"open","ping_status":"open","sticky":false,"template":"","format":"standard","meta":{"_acf_changed":false,"footnotes":""},"categories":[4,31],"tags":[113,10932,469],"class_list":["post-250477","post","type-post","status-publish","format-standard","has-post-thumbnail","hentry","category-desporto","category-geral","tag-cristiano-ronaldo","tag-mundial22","tag-portugal"],"acf":[],"_links":{"self":[{"href":"https:\/\/critecnow.com\/diariobeiras\/wp-json\/wp\/v2\/posts\/250477","targetHints":{"allow":["GET"]}}],"collection":[{"href":"https:\/\/critecnow.com\/diariobeiras\/wp-json\/wp\/v2\/posts"}],"about":[{"href":"https:\/\/critecnow.com\/diariobeiras\/wp-json\/wp\/v2\/types\/post"}],"author":[{"embeddable":true,"href":"https:\/\/critecnow.com\/diariobeiras\/wp-json\/wp\/v2\/users\/1"}],"replies":[{"embeddable":true,"href":"https:\/\/critecnow.com\/diariobeiras\/wp-json\/wp\/v2\/comments?post=250477"}],"version-history":[{"count":0,"href":"https:\/\/critecnow.com\/diariobeiras\/wp-json\/wp\/v2\/posts\/250477\/revisions"}],"wp:attachment":[{"href":"https:\/\/critecnow.com\/diariobeiras\/wp-json\/wp\/v2\/media?parent=250477"}],"wp:term":[{"taxonomy":"category","embeddable":true,"href":"https:\/\/critecnow.com\/diariobeiras\/wp-json\/wp\/v2\/categories?post=250477"},{"taxonomy":"post_tag","embeddable":true,"href":"https:\/\/critecnow.com\/diariobeiras\/wp-json\/wp\/v2\/tags?post=250477"}],"curies":[{"name":"wp","href":"https:\/\/api.w.org\/{rel}","templated":true}]}}