{"id":250829,"date":"2022-11-25T13:13:14","date_gmt":"2022-11-25T12:13:14","guid":{"rendered":"https:\/\/www.asbeiras.pt\/?p=250829"},"modified":"2022-11-25T13:13:14","modified_gmt":"2022-11-25T12:13:14","slug":"opiniao-isto-sim-e-uma-reflexao-livra","status":"publish","type":"post","link":"https:\/\/critecnow.com\/diariobeiras\/opiniao-isto-sim-e-uma-reflexao-livra\/","title":{"rendered":"Opini\u00e3o &#8211; Isto sim&#8230;  \u00e9 uma reflex\u00e3o. Livra!"},"content":{"rendered":"<p><a href=\"https:\/\/www.asbeiras.pt\/2022\/10\/opiniao-jorge-fernandes-e-judo-e-competencia\/luis-santarino-opi-2\/\" rel=\"attachment wp-att-248925\"><img loading=\"lazy\" decoding=\"async\" class=\"aligncenter size-full wp-image-248925\" src=\"https:\/\/www.asbeiras.pt\/wp-content\/uploads\/2022\/10\/LUIS-SANTARINO-opi-1.jpg\" alt=\"\" width=\"1200\" height=\"628\" \/><\/a><\/p>\n<p>A pouco tempo da entrada em campo da equipa de futebol de <strong>Portugal<\/strong> e ap\u00f3s ter sido constantemente bombardeado com as not\u00edcias da selec\u00e7\u00e3o e do seu primeiro, <strong>Cristiano Ronaldo<\/strong>, arrisco escrever, tamb\u00e9m reflectir sobre quest\u00f5es mais importantes para Portugal. Ser\u00e1?<br \/>\nClaro que tamb\u00e9m desejo que hoje ven\u00e7a e j\u00e1 agora tamb\u00e9m a final. Se tal n\u00e3o acontecer, espero que as fam\u00edlias n\u00e3o se agridam das mais variadas formas, e percebam que um jogo \u00e9 um jogo, v\u00e1rios jogos s\u00e3o isso mesmo, e mantenham a serenidade.<br \/>\nPenso que as autoridades vigiar\u00e3o as estradas, dado que, mesmo sem festa o \u00e1lcool faz parte do dia a dia, agora com festa da grossa as bebedeiras ser\u00e3o mais do que muitas.<br \/>\nComo nunca vi o Cristiano Ronaldo ao vivo e a cores, seja a jogar como a fazer outra coisa qualquer, tive a esperan\u00e7a, confesso, que o \u201cocupa da casa cor de rosa\u201d tivesse pegado no telem\u00f3vel e me tivesse convidado. Anda da\u00ed pah!<br \/>\nPronto. Fica para a pr\u00f3xima. Mas quero ficar longe dos holofotes, n\u00e3o v\u00e1 algu\u00e9m fazer confus\u00f5es e pergunte; \u201cquem \u00e9 o gajo que est\u00e1 ao lado do Santarino\u201d? E isso n\u00e3o quero arriscar, porque o pulso est\u00e1 gasto e cansado. Nem t\u00e3o pouco quero c\u00e1 \u201cselfies\u201d. N\u00e3o v\u00e1 algu\u00e9m contratar-me para fazer publicidade a bebidas energ\u00e9ticas! Sim. Porque publicidade falsa, \u00e9 crime!<br \/>\nOra, passada que est\u00e1 esta fase de del\u00edrio \u2013 tamb\u00e9m tenho direito ao meu \u201cbocado\u201d de fama, 2 minutos talvez \u2013 vale a pena constatar que Portugal vive hoje um clima de calma e prosperidade como nunca tinha acontecido.<br \/>\nAli\u00e1s, se viajarmos de norte a sul do pa\u00eds \u2013 agora mais a norte do que a sul \u2013 nenhum facto tem obtido a minha e nossa reprova\u00e7\u00e3o.<br \/>\nH\u00e1 por a\u00ed uma malta a \u201cmeter a m\u00e3o na massa\u201d, mas, como dizem que \u00e9 h\u00e1bito e a prociss\u00e3o ainda vai no adro, muitas hist\u00f3rias que andam por a\u00ed, mesmo \u201cpor a\u00ed\u201d, aparecer\u00e3o e a caldeirada passa a ficar intrag\u00e1vel.<br \/>\nMas ningu\u00e9m tem de se queixar porque temos uma Assembleia da Rep\u00fablica muito preocupada com o Or\u00e7amento Geral do Estado \u2013 o que se percebe \u00e0 vista desarmada, dado que a sua discuss\u00e3o \u00e9 mais vista e acompanhada pelos cidad\u00e3os do que as telenovelas que passam nas v\u00e1rias televis\u00f5es &#8211; , n\u00e3o existem problemas de escravatura l\u00e1 mais para sul, digamos talvez, um sul interm\u00e9dio; o ex-presidi\u00e1rio condenado e que j\u00e1 expiou a pena, voltou \u00e0 ribalta; a malta arranha-se toda para ir \u00e0s urg\u00eancias com uma unha encravada, dando cabo do trabalho que m\u00e9dicos e enfermeiros deveriam fazer; as ambul\u00e2ncias est\u00e3o paradas \u2013 mais vale paradas, dizem, porque assim n\u00e3o gastam gas\u00f3leo e o Povo poupa -; a chuva t\u00e3o querida antes, agora \u00e9 uma desgra\u00e7a e est\u00e1 a dar cabo das culturas \u2013 mas afinal querem chuva, ou n\u00e3o?<br \/>\nVamos todos torcer para que a selec\u00e7\u00e3o de todos n\u00f3s ven\u00e7a. Porque se assim n\u00e3o for, at\u00e9 as criancinhas ficam sem prendas de Natal!<br \/>\nEsquece-se o Senhor, esquece-se a fam\u00edlia, esquece-se o respeito, a amizade a solidariedade de todo um ano, porque quem nos deveria \u201cencharcar\u201d de felicidade, falhou!<br \/>\nEst\u00e1 tudo na ponta da bota de um, ou de v\u00e1rios!<br \/>\nVamos ganhar, claro!<br \/>\nMas se por acaso Portugal perder, o \u201cocupa\u201d j\u00e1 disse que se \u201cfecha em copas\u201d, anda de carro de rolamentos no quintal, vai \u00e0 fruta ao vizinho \u2013 deve ter, n\u00e3o deve? \u2013 apara as sebes com um corta-unhas para demorar mais tempo e poupa-nos aos seus longos e aborrecidos discursos!<br \/>\nAh, e se quiser, convide o Marques Mendes para companhia! Isso sim\u2026era assunto!<\/p>\n","protected":false},"excerpt":{"rendered":"<p>Lu\u00eds Santarino, Consultor\/formador<\/p>\n","protected":false},"author":1,"featured_media":248925,"comment_status":"open","ping_status":"open","sticky":false,"template":"","format":"standard","meta":{"_acf_changed":false,"footnotes":""},"categories":[31,5],"tags":[113,453,100,469],"class_list":["post-250829","post","type-post","status-publish","format-standard","has-post-thumbnail","hentry","category-geral","category-opiniao","tag-cristiano-ronaldo","tag-luis-santarino","tag-opiniao","tag-portugal"],"acf":[],"_links":{"self":[{"href":"https:\/\/critecnow.com\/diariobeiras\/wp-json\/wp\/v2\/posts\/250829","targetHints":{"allow":["GET"]}}],"collection":[{"href":"https:\/\/critecnow.com\/diariobeiras\/wp-json\/wp\/v2\/posts"}],"about":[{"href":"https:\/\/critecnow.com\/diariobeiras\/wp-json\/wp\/v2\/types\/post"}],"author":[{"embeddable":true,"href":"https:\/\/critecnow.com\/diariobeiras\/wp-json\/wp\/v2\/users\/1"}],"replies":[{"embeddable":true,"href":"https:\/\/critecnow.com\/diariobeiras\/wp-json\/wp\/v2\/comments?post=250829"}],"version-history":[{"count":0,"href":"https:\/\/critecnow.com\/diariobeiras\/wp-json\/wp\/v2\/posts\/250829\/revisions"}],"wp:attachment":[{"href":"https:\/\/critecnow.com\/diariobeiras\/wp-json\/wp\/v2\/media?parent=250829"}],"wp:term":[{"taxonomy":"category","embeddable":true,"href":"https:\/\/critecnow.com\/diariobeiras\/wp-json\/wp\/v2\/categories?post=250829"},{"taxonomy":"post_tag","embeddable":true,"href":"https:\/\/critecnow.com\/diariobeiras\/wp-json\/wp\/v2\/tags?post=250829"}],"curies":[{"name":"wp","href":"https:\/\/api.w.org\/{rel}","templated":true}]}}