{"id":250958,"date":"2022-11-28T12:38:46","date_gmt":"2022-11-28T11:38:46","guid":{"rendered":"https:\/\/www.asbeiras.pt\/?p=250958"},"modified":"2022-11-28T12:38:46","modified_gmt":"2022-11-28T11:38:46","slug":"bagagem-descrita-epopeia-num-dia-longo-i-paquistao-2022","status":"publish","type":"post","link":"https:\/\/critecnow.com\/diariobeiras\/bagagem-descrita-epopeia-num-dia-longo-i-paquistao-2022\/","title":{"rendered":"Bagagem d\u2019escrita &#8211; Epopeia num dia longo -I (Paquist\u00e3o 2022)"},"content":{"rendered":"<div id=\"attachment_250959\" style=\"width: 660px\" class=\"wp-caption aligncenter\"><a href=\"https:\/\/www.asbeiras.pt\/2022\/11\/bagagem-descrita-epopeia-num-dia-longo-i-paquistao-2022\/26-bagagem-descrita\/\" rel=\"attachment wp-att-250959\"><img loading=\"lazy\" decoding=\"async\" aria-describedby=\"caption-attachment-250959\" class=\"wp-image-250959 size-large\" src=\"https:\/\/www.asbeiras.pt\/wp-content\/uploads\/2022\/11\/26-Bagagem-descrita-1024x683.jpg\" alt=\"\" width=\"650\" height=\"434\" \/><\/a><p id=\"caption-attachment-250959\" class=\"wp-caption-text\">Foto de Jos\u00e9 Lu\u00eds Santos<\/p><\/div>\n<p>H\u00e1 dias bem encorpados que nos tocam na mem\u00f3ria por tudo aquilo que vivemos, pelo desgaste, sacrif\u00edcio e satisfa\u00e7\u00e3o final pela supera\u00e7\u00e3o de um desafio mais complicado do que se afigurava:<\/p>\n<p>Encontrava-me em Mastuj, uma aldeia perdida no norte do Paquist\u00e3o onde tinha sido obrigado a pernoitar por j\u00e1 n\u00e3o haver transporte para Gilgit, bem do outro lado da majestosa cordilheira montanhosa desta zona do pa\u00eds. Depois de um epis\u00f3dio de sorte que me iluminou, quando conheci um grupo de jovens realizadores que andavam por aquelas bandas a fazer um document\u00e1rio, e que no dia seguinte iriam\u00a0 na mesma dire\u00e7\u00e3o que eu, tive de acordar pelas cinco da manh\u00e3 pois a viagem seria longa e tinha mesmo de chegar ao meu destino.<\/p>\n<p>Foram pontuais, tal como eu, e l\u00e1 partimos com o nascer do sol. A estrada, se \u00e9 que se pode apelidar de tal, \u00e9 dura, s\u00f3 poss\u00edvel de atravessar num jipe 4\u00d74, ao qual nos agarramos com as for\u00e7as que temos para n\u00e3o sermos projetados com os fortes solavancos com que o velho Toyota nos agride numa subida que nunca mais acaba. O esfor\u00e7o \u00e9 compensado quando atingimos o alto de Shandur, a 4500 metros de altitude, um miradouro natural que nos d\u00e1 horizonte at\u00e9 onde a nossa vista consegue alcan\u00e7ar. \u00c9 tamb\u00e9m aqui que se situa o mais alto campo de Polo do mundo, onde, no in\u00edcio de julho, as sele\u00e7\u00f5es de Chitral e Gilgit-Baltistan se encontram para agu\u00e7ar a sua rivalidade. Diz-se por aqui que a primeira equipa vence tradicionalmente a partida.<\/p>\n<p>O percurso agora \u00e9 descendente, e voltamos a ver vegeta\u00e7\u00e3o, que come\u00e7a a dar cor ao vale \u00e0 medida que a torrente de \u00e1gua que derrete dos glaciares vai jorrando com maior intensidade. A vida vai despontando at\u00e9 nos prendar com a contempla\u00e7\u00e3o do vale de Phander, um hino \u00e0 fertilidade que \u00e9 o sustento deste povo de agricultores e pastores. O nosso ve\u00edculo n\u00e3o passa daqui, e h\u00e1 que retirar tudo pois o percurso do motorista agora ser\u00e1 inverso. Aproveita-se a serenidade destas \u00e1guas para, na sua margem direita, tomarmos o pequeno almo\u00e7o. P\u00e3o com omeleta e ch\u00e1 verde, como \u00e9 costume neste pa\u00eds.<\/p>\n<p>Mas a minha vida, tal como a deles, n\u00e3o era estar ali especado, pelo que tivemos de nos desenrascar para conquistar mais uns quil\u00f3metros para o percurso que quer\u00edamos fazer. L\u00e1 conseguiram desencantar uma velha carrinha que nos levasse at\u00e9 Gupis, aldeia em que nos separar\u00edamos. O nervosismo apodera-se facilmente de n\u00f3s quando as nossas pequenas vit\u00f3rias n\u00e3o s\u00e3o mais do que um conta gotas, e a grande fatia ainda est\u00e1 para vir, pois havia mais de uma centena de quil\u00f3metros pela frente e toda a gente me dizia que era imposs\u00edvel chegar a Gilgit pois as estradas estavam bloqueadas, bem como os acessos \u00e0 cidade, em virtude da Ashura, as festividades xiitas que comemoravam o mart\u00edrio do Im\u00e3 Hussein. O panorama n\u00e3o era nada animador.<\/p>\n<p>Os meus amigos n\u00e3o me deixaram desamparado, e conseguiram parar um carro que me levaria nesse sentido, pelo menos at\u00e9 Ghakuch. Num carro que se abanava todo por a roda direita traseira estar gravemente danificada, mas a andar, dois homens na casa dos 50 anos fizeram-me sinal para entrar e seguir viagem, sem pagar. Ap\u00f3s a conversa do costume sobre o futebol do meu pa\u00eds, sublinharam que eu era h\u00f3spede deles e perguntaram-me do que necessitava. O condutor era uma chamin\u00e9 ambulante, a fumar cigarro atr\u00e1s de cigarro, intercalado com haxixe. Numa sala de chuto em que aquele ve\u00edculo se tornou, tive de recusar muito diplomaticamente a generosidade deles enquanto abria o vidro perro da porta do meu lado para apanhar ar puro.<\/p>\n<p>A viagem seria mais longa do que eu pensava. (continua)<\/p>\n<p>&nbsp;<\/p>\n","protected":false},"excerpt":{"rendered":"<p>Jos\u00e9 Lu\u00eds Santos, Professor de Hist\u00f3ria, fot\u00f3grafo e amante de viagens<\/p>\n","protected":false},"author":1,"featured_media":250959,"comment_status":"open","ping_status":"open","sticky":false,"template":"","format":"standard","meta":{"_acf_changed":false,"footnotes":""},"categories":[31,5],"tags":[8483,450,100],"class_list":["post-250958","post","type-post","status-publish","format-standard","has-post-thumbnail","hentry","category-geral","category-opiniao","tag-bagagemdeescrita","tag-jose-luis-santos","tag-opiniao"],"acf":[],"_links":{"self":[{"href":"https:\/\/critecnow.com\/diariobeiras\/wp-json\/wp\/v2\/posts\/250958","targetHints":{"allow":["GET"]}}],"collection":[{"href":"https:\/\/critecnow.com\/diariobeiras\/wp-json\/wp\/v2\/posts"}],"about":[{"href":"https:\/\/critecnow.com\/diariobeiras\/wp-json\/wp\/v2\/types\/post"}],"author":[{"embeddable":true,"href":"https:\/\/critecnow.com\/diariobeiras\/wp-json\/wp\/v2\/users\/1"}],"replies":[{"embeddable":true,"href":"https:\/\/critecnow.com\/diariobeiras\/wp-json\/wp\/v2\/comments?post=250958"}],"version-history":[{"count":0,"href":"https:\/\/critecnow.com\/diariobeiras\/wp-json\/wp\/v2\/posts\/250958\/revisions"}],"wp:attachment":[{"href":"https:\/\/critecnow.com\/diariobeiras\/wp-json\/wp\/v2\/media?parent=250958"}],"wp:term":[{"taxonomy":"category","embeddable":true,"href":"https:\/\/critecnow.com\/diariobeiras\/wp-json\/wp\/v2\/categories?post=250958"},{"taxonomy":"post_tag","embeddable":true,"href":"https:\/\/critecnow.com\/diariobeiras\/wp-json\/wp\/v2\/tags?post=250958"}],"curies":[{"name":"wp","href":"https:\/\/api.w.org\/{rel}","templated":true}]}}