{"id":251333,"date":"2022-12-05T09:27:11","date_gmt":"2022-12-05T09:27:11","guid":{"rendered":"https:\/\/www.asbeiras.pt\/?p=251333"},"modified":"2022-12-05T09:27:11","modified_gmt":"2022-12-05T09:27:11","slug":"junta-de-brasfemes-cede-espaco-a-associacao-rodinhas-portugal","status":"publish","type":"post","link":"https:\/\/critecnow.com\/diariobeiras\/junta-de-brasfemes-cede-espaco-a-associacao-rodinhas-portugal\/","title":{"rendered":"Junta de Brasfemes cede espa\u00e7o \u00e0 Associa\u00e7\u00e3o Rodinhas Portugal"},"content":{"rendered":"<div id=\"attachment_251334\" style=\"width: 1210px\" class=\"wp-caption alignnone\"><a href=\"https:\/\/www.asbeiras.pt\/wp-content\/uploads\/2022\/12\/06-rodinhas-PR.jpg\"><img loading=\"lazy\" decoding=\"async\" aria-describedby=\"caption-attachment-251334\" class=\"wp-image-251334 size-full\" src=\"https:\/\/www.asbeiras.pt\/wp-content\/uploads\/2022\/12\/06-rodinhas-PR.jpg\" alt=\"\" width=\"1200\" height=\"628\"\/><\/a><p id=\"caption-attachment-251334\" class=\"wp-caption-text\">DB\/Foto de Pedro Ramos<\/p><\/div>\n<p>A associa\u00e7\u00e3o \u201cOs Rodinhas de Portugal\u201d tem uma nova sede, no edif\u00edcio da Junta de Freguesia de Brasfemes, para realizar as suas atividades. Num protocolo assinado no s\u00e1bado, na pr\u00f3pria junta, as duas entidades mostraram-se satisfeitas com este passo, mas a ambi\u00e7\u00e3o passa por garantir um espa\u00e7o no centro da cidade de Coimbra.<\/p>\n<p>\u201cEstou consciente dos obst\u00e1culos que a vida vos colocou \u00e0 frente. Cabe-nos a n\u00f3s, enquanto autarcas, ajudar a minimizar aquilo que s\u00e3o as vossas dificuldades no dia-a-dia e por isso decidimos ceder este espa\u00e7o\u201d, come\u00e7ou por dizer o presidente da junta, Jo\u00e3o Paulo Marques.<\/p>\n<p>Apesar de haver agora um local para desenvolver os seus projetos, o autarca real\u00e7ou que \u00e9 importante o munic\u00edpio dar o pr\u00f3ximo passo, no sentido de disponibilizar um local numa \u00e1rea de maior abrang\u00eancia do p\u00fablico-alvo.<\/p>\n<p>\u201cDesafio o munic\u00edpio a que, dentro da \u00e1rea da cidade, arranje um espa\u00e7o adequado \u00e0 realiza\u00e7\u00e3o das vossas atividades\u201d, referiu Jo\u00e3o Paulo Marques aos associados d\u2019Os Rodinhas, acrescentando: \u201c\u00c9 dentro do espa\u00e7o da cidade que voc\u00eas devem realizar o vosso trabalho porque o vosso p\u00fablico-alvo \u00e9 maior\u201d.<\/p>\n<p><strong>Espa\u00e7o que ficou vago do antigo posto m\u00e9dico<\/strong><\/p>\n<p>Depois da 4.\u00aa edi\u00e7\u00e3o do passeio que a associa\u00e7\u00e3o concretizou em Coimbra, a Junta de Freguesia de Brasfemes contactou \u201cOs Rodinhas\u201d, disponibilizando um espa\u00e7o vago, no edif\u00edcio da junta, ap\u00f3s a desativa\u00e7\u00e3o da extens\u00e3o do centro de sa\u00fade. O presidente da Associa\u00e7\u00e3o Os Rodinhas de Portugal, Paulo Paiva, agradeceu a \u201csensibilidade da junta\u201d e lembrou as \u201cin\u00fameras tentativas\u201d com a C\u00e2mara de Coimbra.<\/p>\n<p>\u201cTivemos a amabilidade da junta, que nos contactou a propor que fic\u00e1ssemos com este espa\u00e7o, de forma a realizarmos as nossas atividades enquanto associa\u00e7\u00e3o. Este \u00e9 um objetivo que perseguimos h\u00e1 cerca de seis anos. Depois de v\u00e1rios contactos que tivemos com a c\u00e2mara e de alguns avan\u00e7os, as coisas, na pr\u00e1tica, ficaram sempre paradas\u201d, apontou.<\/p>\n<p>Paulo Paiva lembrou que a associa\u00e7\u00e3o tem cadeiras de rodas ou canadianas ao dispor da comunidade, mas a falta de um local para organizar o material tem sido um grande obst\u00e1culo.<\/p>\n<p>\u201cNeste momento temos coisas espalhadas em v\u00e1rios s\u00edtios. Na pr\u00e1tica, n\u00e3o resulta. \u00c9 preciso uma cadeira, temos que ir a um s\u00edtio buscar. Este protocolo vai-nos proporcionar uma atividade muito mais c\u00e9lere dentro da comunidade que queremos representar\u201d, referiu.<\/p>\n<p><strong>Ced\u00eancia provis\u00f3ria j\u00e1 que espa\u00e7o \u00e9 para creche<\/strong><\/p>\n<p>Este protocolo de ced\u00eancia de espa\u00e7o n\u00e3o tem prazo indefinido. Isto porque, mal o espa\u00e7o ficou vago, a junta avan\u00e7ou com um protocolo para a constru\u00e7\u00e3o de uma creche.<\/p>\n<p>Jo\u00e3o Paulo Marques afirmou que a associa\u00e7\u00e3o dever\u00e1 usufruiu do espa\u00e7o durante pelo menos dois anos \u2013 tempo para limar arestas para que a constru\u00e7\u00e3o da creche avance.<\/p>\n","protected":false},"excerpt":{"rendered":"<p>A associa\u00e7\u00e3o \u201cOs Rodinhas de Portugal\u201d tem uma nova sede, no edif\u00edcio da Junta de Freguesia de Brasfemes, para realizar as suas atividades. Num protocolo assinado no s\u00e1bado, na pr\u00f3pria junta, as duas entidades mostraram-se satisfeitas com este passo, mas a ambi\u00e7\u00e3o passa por garantir um espa\u00e7o no centro da cidade de Coimbra.<\/p>\n","protected":false},"author":1,"featured_media":251334,"comment_status":"open","ping_status":"open","sticky":false,"template":"","format":"standard","meta":{"_acf_changed":false,"footnotes":""},"categories":[39,31],"tags":[11154,4450,850,227,223],"class_list":["post-251333","post","type-post","status-publish","format-standard","has-post-thumbnail","hentry","category-coimbra-2","category-geral","tag-associacao-rodinhas-portugal","tag-cedencia","tag-espaco","tag-jf-de-brasfemes","tag-protocolo"],"acf":[],"_links":{"self":[{"href":"https:\/\/critecnow.com\/diariobeiras\/wp-json\/wp\/v2\/posts\/251333","targetHints":{"allow":["GET"]}}],"collection":[{"href":"https:\/\/critecnow.com\/diariobeiras\/wp-json\/wp\/v2\/posts"}],"about":[{"href":"https:\/\/critecnow.com\/diariobeiras\/wp-json\/wp\/v2\/types\/post"}],"author":[{"embeddable":true,"href":"https:\/\/critecnow.com\/diariobeiras\/wp-json\/wp\/v2\/users\/1"}],"replies":[{"embeddable":true,"href":"https:\/\/critecnow.com\/diariobeiras\/wp-json\/wp\/v2\/comments?post=251333"}],"version-history":[{"count":0,"href":"https:\/\/critecnow.com\/diariobeiras\/wp-json\/wp\/v2\/posts\/251333\/revisions"}],"wp:attachment":[{"href":"https:\/\/critecnow.com\/diariobeiras\/wp-json\/wp\/v2\/media?parent=251333"}],"wp:term":[{"taxonomy":"category","embeddable":true,"href":"https:\/\/critecnow.com\/diariobeiras\/wp-json\/wp\/v2\/categories?post=251333"},{"taxonomy":"post_tag","embeddable":true,"href":"https:\/\/critecnow.com\/diariobeiras\/wp-json\/wp\/v2\/tags?post=251333"}],"curies":[{"name":"wp","href":"https:\/\/api.w.org\/{rel}","templated":true}]}}