{"id":251617,"date":"2022-12-08T14:19:02","date_gmt":"2022-12-08T14:19:02","guid":{"rendered":"https:\/\/www.asbeiras.pt\/?p=251617"},"modified":"2022-12-08T14:19:02","modified_gmt":"2022-12-08T14:19:02","slug":"opiniao-quais-devem-ser-as-prioridades-para-2023-na-figueira-da-foz","status":"publish","type":"post","link":"https:\/\/critecnow.com\/diariobeiras\/opiniao-quais-devem-ser-as-prioridades-para-2023-na-figueira-da-foz\/","title":{"rendered":"Opini\u00e3o: Quais devem ser  as prioridades para 2023 na Figueira da Foz?"},"content":{"rendered":"<p><a href=\"https:\/\/www.asbeiras.pt\/2022\/12\/opiniao-quais-devem-ser-as-prioridades-para-2023-na-figueira-da-foz\/anabela-tabaco\/\" rel=\"attachment wp-att-251618\"><img loading=\"lazy\" decoding=\"async\" class=\"aligncenter size-full wp-image-251618\" src=\"https:\/\/www.asbeiras.pt\/wp-content\/uploads\/2022\/12\/ANABELA-TABACO.jpg\" alt=\"\" width=\"1200\" height=\"628\" \/><\/a><\/p>\n<p>A prioridade para um ano como aquele que se avizinha \u00e9 assegurar as devidas respostas para os mais carenciados. Para as fam\u00edlias figueirenses terem dinheiro, \u00e9 essencial que a economia do concelho e a que gira em seu torno tenham condi\u00e7\u00f5es para funcionar. A ind\u00fastria, o com\u00e9rcio, a agricultura e o sector tur\u00edstico t\u00eam de conseguir vender os seus produtos.<br \/>\nPara isso acontecer, os munic\u00edpios t\u00eam de fazer algum esfor\u00e7o de investimento. E n\u00f3s fazemos. Outro aspecto a salientar, mas que n\u00e3o depender\u00e1 da autarquia, embora nunca larguemos o assunto, \u00e9 que as dragagens no mar se fa\u00e7am com a const\u00e2ncia exig\u00edvel, de modo a garantir o desassoreamento da barra.<br \/>\n\u00c9 tamb\u00e9m relevante iniciar o novo ciclo da marginal da cidade e do areal da Praia da Claridade e de Buarcos, tal como desenvolver, por uma vez, o projecto da variante de Quiaios.<br \/>\nTudo o que temos para fazer n\u00e3o cabe no espa\u00e7o limitado deste texto, mas, para rematar, quero sublinhar aquilo que o Presidente da c\u00e2mara e todos n\u00f3s temos repetido incessantemente: a Figueira tem de ser uma cidade de refer\u00eancia no conhecimento, na inova\u00e7\u00e3o e na investiga\u00e7\u00e3o.<br \/>\nPor isso, 2023 ter\u00e1 de ser um ano marcante na hist\u00f3ria contempor\u00e2nea da Figueira, por ser o ano em que, pela primeira vez, estar\u00e1 a funcionar, j\u00e1 nas quatro esta\u00e7\u00f5es, o novo Campus da Universidade de Coimbra. S\u00f3 isso marca um mandato. Mas h\u00e1 &#8211; e vai haver &#8211; muito mais, na cidade e nas freguesias n\u00e3o urbanas.<\/p>\n","protected":false},"excerpt":{"rendered":"<p>Anabela Taba\u00e7\u00f3, vereadora\/FAP<\/p>\n","protected":false},"author":1,"featured_media":251618,"comment_status":"open","ping_status":"open","sticky":false,"template":"","format":"standard","meta":{"_acf_changed":false,"footnotes":""},"categories":[31,5],"tags":[3140,63,100],"class_list":["post-251617","post","type-post","status-publish","format-standard","has-post-thumbnail","hentry","category-geral","category-opiniao","tag-anabela-tabaco","tag-figueira-da-foz","tag-opiniao"],"acf":[],"_links":{"self":[{"href":"https:\/\/critecnow.com\/diariobeiras\/wp-json\/wp\/v2\/posts\/251617","targetHints":{"allow":["GET"]}}],"collection":[{"href":"https:\/\/critecnow.com\/diariobeiras\/wp-json\/wp\/v2\/posts"}],"about":[{"href":"https:\/\/critecnow.com\/diariobeiras\/wp-json\/wp\/v2\/types\/post"}],"author":[{"embeddable":true,"href":"https:\/\/critecnow.com\/diariobeiras\/wp-json\/wp\/v2\/users\/1"}],"replies":[{"embeddable":true,"href":"https:\/\/critecnow.com\/diariobeiras\/wp-json\/wp\/v2\/comments?post=251617"}],"version-history":[{"count":0,"href":"https:\/\/critecnow.com\/diariobeiras\/wp-json\/wp\/v2\/posts\/251617\/revisions"}],"wp:attachment":[{"href":"https:\/\/critecnow.com\/diariobeiras\/wp-json\/wp\/v2\/media?parent=251617"}],"wp:term":[{"taxonomy":"category","embeddable":true,"href":"https:\/\/critecnow.com\/diariobeiras\/wp-json\/wp\/v2\/categories?post=251617"},{"taxonomy":"post_tag","embeddable":true,"href":"https:\/\/critecnow.com\/diariobeiras\/wp-json\/wp\/v2\/tags?post=251617"}],"curies":[{"name":"wp","href":"https:\/\/api.w.org\/{rel}","templated":true}]}}