{"id":252135,"date":"2022-12-16T14:29:12","date_gmt":"2022-12-16T14:29:12","guid":{"rendered":"https:\/\/www.asbeiras.pt\/?p=252135"},"modified":"2022-12-16T14:29:12","modified_gmt":"2022-12-16T14:29:12","slug":"opiniao-pompeu-estarei-longe-mas-estarei-contigo","status":"publish","type":"post","link":"https:\/\/critecnow.com\/diariobeiras\/opiniao-pompeu-estarei-longe-mas-estarei-contigo\/","title":{"rendered":"Opini\u00e3o: Pompeu &#8211; Estarei longe, mas estarei contigo!"},"content":{"rendered":"<p><a href=\"https:\/\/www.asbeiras.pt\/wp-content\/uploads\/2022\/10\/LUIS-SANTARINO-opi-1.jpg\"><img loading=\"lazy\" decoding=\"async\" class=\"alignnone size-full wp-image-248925\" src=\"https:\/\/www.asbeiras.pt\/wp-content\/uploads\/2022\/10\/LUIS-SANTARINO-opi-1.jpg\" alt=\"\" width=\"1200\" height=\"628\"\/><\/a><\/p>\n<p>Como deves calcular, tamb\u00e9m eu tentei ser poeta, pintor e at\u00e9 m\u00fasico. Mas para desgra\u00e7a minha, a cada poema de amor que fazia a apaixonada pirava-se; tentei pintar, n\u00e3o a natureza morta, mas a beleza da natureza, mas faltava-me a inspira\u00e7\u00e3o e o jeito; e lamentavelmente, cada vez que tentava dedilhar as cordas de uma viola, n\u00e3o conseguia suportar a dor dos dedos.<br \/>\nDiziam eles, tenta, continua a tentar que vais l\u00e1. Sabia como ia, mas n\u00e3o sabia como chegava!!<\/p>\n<p>E assim, passei a admirar os meus Amigos que t\u00eam jeito para isso tudo e mais alguma coisa, superando desta forma a frustra\u00e7\u00e3o de n\u00e3o conseguir sair da \u201ccepa torta\u201d!<\/p>\n<p>Obrigaste-me a revisitar alguns autores \u2013 escuso nomear \u2013 e revisitando-os, tenho de citar D. Francisco Manuel de Melo; \u201cSaudade, um mal de que se gosta e um bem de que se padece\u201d!<\/p>\n<p>N\u00e3o poderei estar na apresenta\u00e7\u00e3o do teu livro. \u00c9 lament\u00e1vel, eu sei, mas tu sabes as raz\u00f5es.<\/p>\n<p>Vais apresentar poemas de tua autoria. Bom poeta me sa\u00edste tu, dir\u00e1 alma mesquinha que passa \u2013 j\u00e1 passou! \u2013 pela vida sem dar conta.<\/p>\n<p>Tenho s\u00f3 de fazer, aqui e agora, relembrando-nos \u2013 e a outros Amigos e Amigas que muito estimamos \u2013 deixar o meu testemunho do cidad\u00e3o Fernando Pompeu. N\u00e3o o \u201cdos direitos\u201d, mas o academista dos \u201cmuitos costados\u201d, que teve comigo, com o Jo\u00e3o Mesquita \u2013 que tem, ou ainda tem, uma cadeira no est\u00e1dio Cidade de Coimbra s\u00f3 sua &#8211; e com o Fernandes da Silva, a ousadia de fundar o \u201cJornal Acad\u00e9mica\u201d, que aproximou milhares de estudantes e antigos estudantes, o desporto e a cultura da Academia de Coimbra nos 4 cantos do mundo.<\/p>\n<p>Alguns frustrados fizeram-lhe a cama! Coitados. N\u00e3o sabem o que perderam!<\/p>\n<p>Tantos e tantos anos juntos, muitas vezes discordando fortemente e \u201craspando\u201d o limite da m\u00e1 educa\u00e7\u00e3o \u2013 os Amigos s\u00e3o assim \u2013 porque de erros se constr\u00f3i a vida e as Institui\u00e7\u00f5es, fez de n\u00f3s os mais cr\u00edticos de n\u00f3s mesmos!<\/p>\n<p>Tivemos sempre para n\u00f3s pr\u00f3prios, exig\u00eancia, exig\u00eancias, muito e muitas mais do que para outrem. Isto de egos e alter egos \u2013 transtorno dissociativo de identidade &#8211; n\u00e3o era para n\u00f3s, nem nunca serviu para autodefesa!<\/p>\n<p>H\u00e1 gente, alguma malta que n\u00e3o perceber\u00e1. Mas deixa l\u00e1, porque h\u00e1 coisas que tamb\u00e9m n\u00e3o s\u00e3o para eles\u2026!!!<\/p>\n<p>O nosso primeiro contacto foi algum tempo antes de, com os saudosos Campos Coroa e Fausto Correia, embalares para a direc\u00e7\u00e3o da Acad\u00e9mica.oaf.<\/p>\n<p>Porqu\u00ea esta refer\u00eancia? Porque aqui reside, tamb\u00e9m e sobretudo, a cita\u00e7\u00e3o de D. Francisco Manuel de Melo.<\/p>\n<p>Viviam-se tempos complicados, era preciso dar uma dimens\u00e3o nacional \u00e0 \u201cBriosa\u201d e tu bateste-te por isso.<\/p>\n<p>Coimbra abra\u00e7a Lisboa com a participa\u00e7\u00e3o do Luis Goes que se emocionou at\u00e9 \u00e0s l\u00e1grimas com a interpreta\u00e7\u00e3o extraordin\u00e1ria da \u201cRomagem \u00e0 Lapa\u201d pela Carrucha das \u201cFans\u201d, da portentosa interpreta\u00e7\u00e3o do grupo de fados \u201cPardalitos do Mondego\u201d e da FANFARRA Acad\u00e9mica de Coimbra e o apoio incans\u00e1vel do Carlos Carranca que, com os bra\u00e7os abertos nos receberam na Lus\u00f3fona.<\/p>\n<p>Nessa noite, brutal, come\u00e7ou a desenhar-se a subida de divis\u00e3o da equipa de futebol da Acad\u00e9mica.oaf que disputaria um fant\u00e1stico jogo com o Estoril Praia, que ganharia, mas que o mais famoso interveniente foi o \u201cgajo da lareira\u201d!<\/p>\n<p>Futebol tamb\u00e9m \u00e9 arte porque \u00e9 poema e sobretudo, porque \u00e9 Acad\u00e9mica!<\/p>\n<p>Recuando no tempo, os \u201cLentes\u201d atreviam-se a \u201cfazer a linha\u201d a Mestre C\u00e2ndido de Oliveira \u2013 no tempo em que os Professores Catedr\u00e1ticos da Universidade de Coimbra eram, torciam, e sofriam pela sua Acad\u00e9mica &#8211; !<\/p>\n<p>Pode ser que um dia, sabe-se l\u00e1 em que gera\u00e7\u00e3o\u2026!<\/p>\n<p>Fizeste de tudo um pouco.<\/p>\n<p>N\u00e3o tenho a certeza nem garanto que vou devorar o teu livro. Um dia\u2026claro!<\/p>\n","protected":false},"excerpt":{"rendered":"<p>Lu\u00eds Santarino; Consultor\/formador<\/p>\n","protected":false},"author":1,"featured_media":248925,"comment_status":"open","ping_status":"open","sticky":false,"template":"","format":"standard","meta":{"_acf_changed":false,"footnotes":""},"categories":[31,5],"tags":[453,100],"class_list":["post-252135","post","type-post","status-publish","format-standard","has-post-thumbnail","hentry","category-geral","category-opiniao","tag-luis-santarino","tag-opiniao"],"acf":[],"_links":{"self":[{"href":"https:\/\/critecnow.com\/diariobeiras\/wp-json\/wp\/v2\/posts\/252135","targetHints":{"allow":["GET"]}}],"collection":[{"href":"https:\/\/critecnow.com\/diariobeiras\/wp-json\/wp\/v2\/posts"}],"about":[{"href":"https:\/\/critecnow.com\/diariobeiras\/wp-json\/wp\/v2\/types\/post"}],"author":[{"embeddable":true,"href":"https:\/\/critecnow.com\/diariobeiras\/wp-json\/wp\/v2\/users\/1"}],"replies":[{"embeddable":true,"href":"https:\/\/critecnow.com\/diariobeiras\/wp-json\/wp\/v2\/comments?post=252135"}],"version-history":[{"count":0,"href":"https:\/\/critecnow.com\/diariobeiras\/wp-json\/wp\/v2\/posts\/252135\/revisions"}],"wp:attachment":[{"href":"https:\/\/critecnow.com\/diariobeiras\/wp-json\/wp\/v2\/media?parent=252135"}],"wp:term":[{"taxonomy":"category","embeddable":true,"href":"https:\/\/critecnow.com\/diariobeiras\/wp-json\/wp\/v2\/categories?post=252135"},{"taxonomy":"post_tag","embeddable":true,"href":"https:\/\/critecnow.com\/diariobeiras\/wp-json\/wp\/v2\/tags?post=252135"}],"curies":[{"name":"wp","href":"https:\/\/api.w.org\/{rel}","templated":true}]}}