{"id":252137,"date":"2022-12-16T17:37:39","date_gmt":"2022-12-16T17:37:39","guid":{"rendered":"https:\/\/www.asbeiras.pt\/?p=252137"},"modified":"2022-12-16T17:37:39","modified_gmt":"2022-12-16T17:37:39","slug":"coimbra-centraliza-atividades-na-baixa-mas-ha-mais-iniciativas","status":"publish","type":"post","link":"https:\/\/critecnow.com\/diariobeiras\/coimbra-centraliza-atividades-na-baixa-mas-ha-mais-iniciativas\/","title":{"rendered":"Coimbra centraliza atividades na Baixa mas h\u00e1 mais iniciativas"},"content":{"rendered":"<div id=\"attachment_252163\" style=\"width: 1210px\" class=\"wp-caption alignnone\"><a href=\"https:\/\/www.asbeiras.pt\/wp-content\/uploads\/2022\/12\/xxxxx-1.jpg\"><img loading=\"lazy\" decoding=\"async\" aria-describedby=\"caption-attachment-252163\" class=\"wp-image-252163 size-full\" src=\"https:\/\/www.asbeiras.pt\/wp-content\/uploads\/2022\/12\/xxxxx-1.jpg\" alt=\"\" width=\"1200\" height=\"628\"\/><\/a><p id=\"caption-attachment-252163\" class=\"wp-caption-text\">DR<\/p><\/div>\n<p>Este ano, o munic\u00edpio de Coimbra decidiu concentrar as atividades ligadas a este per\u00edodo na Baixa da cidade. \u00c9 aqui que a grande maioria das iniciativas ter\u00e3o lugar at\u00e9 \u00e0 antev\u00e9spera de Natal e na noite de fim de ano. \u201cAncorada\u201d na realiza\u00e7\u00e3o do Mercado de Natal, que pode ser visitado at\u00e9 ao dia 23 de dezembro, est\u00e3o previstos espet\u00e1culos musicais, atividades performativas no espa\u00e7o p\u00fablico e iniciativas dirigidas ao p\u00fablico infantil em quatro locais: Pra\u00e7a do Com\u00e9rcio, Pra\u00e7a 8 de Maio, Mercado Municipal D. Pedro V e Largo da Freiria. Em cada art\u00e9ria da Baixa n\u00e3o v\u00e3o faltar arruadas com anima\u00e7\u00e3o itinerante (diariamente, \u00e0s 11H30 e \u00e0s 14H30 ). O objetivo da autarquia \u00e9 ligar v\u00e1rias art\u00e9rias e espa\u00e7os centrais na Baixa de Coimbra. Para ajudar o com\u00e9rcio local, a Ag\u00eancia para a Promo\u00e7\u00e3o da Baixa de Coimbra est\u00e1 a entregar vouchers de descontos em 32 espa\u00e7os comerciais para incentivar \u201c\u00e0 circula\u00e7\u00e3o\u201d de clientes entre lojas da Baixa. O objetivo \u00e9 incentivar a descoberta de espa\u00e7os dentro da zona central da cidade. A campanha dura at\u00e9 15 de janeiro.<br \/>\nMas as propostas natal\u00edcias estendem-se at\u00e9 ao Convento S\u00e3o Francisco, onde por exemplo a cantora Aurea atua dia 20 de dezembro com o espet\u00e1culo \u201cThe Christmas Show\u201d. A Casa da Escrita e a Casa Municipal da Cultura (Biblioteca Infantil\/Ludoteca), nos polos de Almalagu\u00eas, Assafarge, Brasfemes e Souselas v\u00e3o receber na pr\u00f3xima semana atividades dirigidas ao p\u00fablico infantojuvenil. Todas as informa\u00e7\u00f5es podem ser obtidas no s\u00edtio www.coimbra.pt.<\/p>\n<p>&nbsp;<\/p>\n<div id=\"attachment_252141\" style=\"width: 955px\" class=\"wp-caption alignnone\"><a href=\"https:\/\/www.asbeiras.pt\/wp-content\/uploads\/2022\/12\/Impossivel-ao-vivo.jpg\"><img loading=\"lazy\" decoding=\"async\" aria-describedby=\"caption-attachment-252141\" class=\"wp-image-252141 size-full\" src=\"https:\/\/www.asbeiras.pt\/wp-content\/uploads\/2022\/12\/Impossivel-ao-vivo.jpg\" alt=\"\" width=\"945\" height=\"630\"\/><\/a><p id=\"caption-attachment-252141\" class=\"wp-caption-text\">DR<\/p><\/div>\n<p>\u201cImposs\u00edvel\u201d estreia no Convento<\/p>\n<p>Depois da primeira apresenta\u00e7\u00e3o na noite de ontem, o \u201cImposs\u00edvel ao vivo\u201d tem previstas mais quatro espet\u00e1culos at\u00e9 domingo 18 de dezembro no Grande Audit\u00f3rio do Convento S\u00e3o Francisco. At\u00e9 este domingo, ser\u00e1 poss\u00edvel \u201cver magia ao vivo como nunca viu\u201d com os melhores m\u00e1gicos do Mundo: Dan Sperry (Estados Unidos da Am\u00e9rica), Javier Bot\u00eda (Espanha), Norbert Ferr\u00e9 (Fran\u00e7a) e Yu Hojin (Coreia do Sul).<\/p>\n<p><a href=\"https:\/\/www.asbeiras.pt\/wp-content\/uploads\/2022\/12\/Mercado-de-Natal-ACF-6-de-14-1.jpg\"><img loading=\"lazy\" decoding=\"async\" class=\"wp-image-252142 size-full\" src=\"https:\/\/www.asbeiras.pt\/wp-content\/uploads\/2022\/12\/Mercado-de-Natal-ACF-6-de-14-1.jpg\" alt=\"\" width=\"945\" height=\"625\"\/><\/a><\/p>\n<p>Mercado de Natal<\/p>\n<p>A Uni\u00e3o das Freguesias de Coimbra e a C\u00e2mara Municipal de Coimbra promovem o Mercado de Natal na Pra\u00e7a do Com\u00e9rcio. At\u00e9 dia 23 de dezembro, perto de 40 expositores vindos de todo o pa\u00eds mostram artigos de artesanato, produtos e doces, mas h\u00e1 tamb\u00e9m lugar para as tradicionais tasquinhas e programa\u00e7\u00e3o cultural. Os mais novos podem tirar uma foto com o Pai Natal ou deixar a carta ao \u201csenhor das barbas brancas\u201d no marco do correio instalado \u00e0 entrada do mercado.<\/p>\n<p><a href=\"https:\/\/www.asbeiras.pt\/wp-content\/uploads\/2022\/12\/coro-sinfonico-ines-de-castro.jpg\"><img loading=\"lazy\" decoding=\"async\" class=\"size-full wp-image-252143\" src=\"https:\/\/www.asbeiras.pt\/wp-content\/uploads\/2022\/12\/coro-sinfonico-ines-de-castro.jpg\" alt=\"\" width=\"201\" height=\"251\"\/><\/a><\/p>\n<p>Concertos no Mercado e Santa Cruz<\/p>\n<p>O dia 23 de dezembro fica marcado pela realiza\u00e7\u00e3o de dois concertos de Natal na Igreja de Santa Cruz e no Mercado D. Pedro V. O primeiro decorre \u00e0s 19H30 dentro do templo religioso e contar\u00e1 com a atua\u00e7\u00e3o do Coro Sinf\u00f3nico In\u00eas de Castro &amp; Coimbra Cantat (Associa\u00e7\u00e3o Ecos do Passado). Duas horas depois, na Pra\u00e7a do Mercado, \u00e9 a vez da Filarm\u00f3nica Uni\u00e3o Taveirense brindar os presentes com m\u00fasicas deste per\u00edodo. Para terminar a noite, o espa\u00e7o central do mercado municipal receber\u00e1 a Noite Branca com o dj Pedro Neves.<\/p>\n<p><a href=\"https:\/\/www.asbeiras.pt\/wp-content\/uploads\/2022\/12\/exposicao-centro-arte-contemporanea-DR.jpg\"><img loading=\"lazy\" decoding=\"async\" class=\"wp-image-252144 size-full\" src=\"https:\/\/www.asbeiras.pt\/wp-content\/uploads\/2022\/12\/exposicao-centro-arte-contemporanea-DR.jpg\" alt=\"\" width=\"1181\" height=\"664\"\/><\/a><\/p>\n<p>Visitas ao Museu<\/p>\n<p>No per\u00edodo entre 20 e 23 de dezembro, os v\u00e1rios espa\u00e7os do Museu Municipal de Coimbra acolhem visitas e oficinas de express\u00e3o pl\u00e1stica. No Edif\u00edcio Chiado e Torre de Anto, a proposta passa pela atividade \u201cCriarte\u201d. J\u00e1 no Edif\u00edcio da Inquisi\u00e7\u00e3o, \u00e9 a vez do \u201cIluminarte\u201d (o Hanukkah judaico). Para a Torre de Almedina, \u00e9 a vez do \u201cO vitral da Seteira\u201d, enquanto na Sala da Cidade a proposta passa por \u201cComo ler um livro?\u201d. Para o Centro de Arte Contempor\u00e2nea, pretende-se \u201cColorir e construir tridimensionalmente uma pe\u00e7a d\u00edptica\u201d.<\/p>\n<p><a href=\"https:\/\/www.asbeiras.pt\/wp-content\/uploads\/2022\/11\/06-apresentacao-fim-de-ano-ACF-10.jpg\"><img loading=\"lazy\" decoding=\"async\" class=\"alignnone size-full wp-image-249857\" src=\"https:\/\/www.asbeiras.pt\/wp-content\/uploads\/2022\/11\/06-apresentacao-fim-de-ano-ACF-10.jpg\" alt=\"\" width=\"1200\" height=\"628\"\/><\/a><\/p>\n<p>Fim de ano em tr\u00eas espa\u00e7os centrais<\/p>\n<p>A festa de fim de ano volta a animar a zona central da Baixa de Coimbra. Apesar do \u201cepicentro\u201d ser o Largo da Portagem, a autarquia programou para a Pra\u00e7a do Com\u00e9rcio e Pra\u00e7a 8 de Maio outras iniciativas que ajudar\u00e3o a espalhar os mais de 300 mil visitantes previstos para esta noite.<br \/>\nNo Largo da Portagem, a anima\u00e7\u00e3o tem in\u00edcio \u00e0s 21H30com os djs Kiss Kiss Bang Bang. Uma hora depois, a banda Per7ume vai atuar at\u00e9 ao espet\u00e1culo piromusical que anuncia a entrada em 2023. Pelas 00H15, \u00e9 a vez de subir ao palco principal da festa Gipsy Kings by Tonino Baliardo. A esta mesma hora, h\u00e1 mais duas propostas de anima\u00e7\u00e3o. Na Pra\u00e7a do Com\u00e9rcio, a \u201cpista de dan\u00e7a\u201d abre com C\u00f8de (projeto de m\u00fasica eletr\u00f3nica de um Dj de Coimbra). Pelas 01H45, \u00e9 a vez do projeto Insert Coin garantir a anima\u00e7\u00e3o atrav\u00e9s de forte componente multim\u00e9dia e v\u00eddeo. Neste espa\u00e7o, entre as 03H00 e as 04H00, o conimbricense KY-MO dar\u00e1 a conhecer os grandes hits da m\u00fasica eletr\u00f3nica.<br \/>\nJ\u00e1 na Pra\u00e7a 8 de Maio, decorrer\u00e1 a Revival Music entre as 00H15 e as 06H00. Rui Tom\u00e9 e Lu\u00eds Pinheiro escolheram os maiores \u00eaxitos dos anos 80 e 90.<\/p>\n<p><a href=\"https:\/\/www.asbeiras.pt\/wp-content\/uploads\/2018\/01\/web-opinadores_Jos\u00e9-Manuel-Silva.jpg\"><img loading=\"lazy\" decoding=\"async\" class=\"alignnone size-full wp-image-147312\" src=\"https:\/\/www.asbeiras.pt\/wp-content\/uploads\/2018\/01\/web-opinadores_Jos\u00e9-Manuel-Silva.jpg\" alt=\"\" width=\"300\" height=\"236\"\/><\/a><\/p>\n<p>Opini\u00e3o: Coimbra est\u00e1 em festa!<\/p>\n<p><em><strong>Jos\u00e9 Manuel Silva, presidente da C\u00e2mara Municipal de Coimbra<\/strong><\/em><\/p>\n<p>Em tempo de Natal e de Fim de Ano, Coimbra ganha especial magia e din\u00e2mica! \u201cBaixa Natal 22: No Cora\u00e7\u00e3o da Cidade\u201d \u00e9 a nossa proposta para a quadra natal\u00edcia com um card\u00e1pio de iniciativas nas v\u00e1rias art\u00e9rias e nos espa\u00e7os centrais da Baixa de Coimbra: Pra\u00e7a do Com\u00e9rcio, Pra\u00e7a 8 de Maio, Mercado Municipal D. Pedro V e Palco R\u00e1dio Baixa (Largo da Freiria).<br \/>\nA programa\u00e7\u00e3o, ecl\u00e9tica e diversificada, n\u00e3o se esgota nestes locais, disseminando-se ainda com a\u00e7\u00f5es itinerantes pelos espa\u00e7os circundantes (\u201cPor toda a Baixa) ou tamb\u00e9m em outros espa\u00e7os municipais (\u201cTamb\u00e9m acontece\u201d) at\u00e9 23 de dezembro. Com esta programa\u00e7\u00e3o n\u00e3o faltam propostas natal\u00edcias, que afirmam a diversidade da oferta cultural de Coimbra, refor\u00e7ando a atratividade e a revivifica\u00e7\u00e3o do cora\u00e7\u00e3o da cidade nesta \u00e9poca festiva. J\u00e1 na noite de 31 de dezembro, Coimbra vai celebrar a entrada no novo ano com uma grande festa, com Gipsy Kings by Tonino Baliardo, Insert Coin e os Per7ume como cabe\u00e7as de cartaz. Mas a festa n\u00e3o se esgota com estas propostas musicais. H\u00e1 muito mais para ver, ouvir e dan\u00e7ar no cora\u00e7\u00e3o da cidade, com v\u00e1rios DJs. \u00c9, mais uma vez, um programa delineado para chegar a todos, levar muita anima\u00e7\u00e3o \u00e0 Baixa e, claro, fazer desta a grande noite do ano.<br \/>\nQuer o Natal quer o Fim de Ano trazem, assim, uma nova magia e din\u00e2mica ao concelho. Para al\u00e9m da diversifica\u00e7\u00e3o da oferta cultural, a cidade ganha tamb\u00e9m mais vida e um novo fluxo tur\u00edstico e econ\u00f3mico.<\/p>\n","protected":false},"excerpt":{"rendered":"<p>Natal e Ano Novo em Coimbra<\/p>\n","protected":false},"author":1,"featured_media":252138,"comment_status":"open","ping_status":"open","sticky":false,"template":"","format":"standard","meta":{"_acf_changed":false,"footnotes":""},"categories":[39,31],"tags":[114,11327,40,213,610],"class_list":["post-252137","post","type-post","status-publish","format-standard","has-post-thumbnail","hentry","category-coimbra-2","category-geral","tag-ano-novo","tag-cm-de-coimbra","tag-coimbra","tag-natal","tag-programacao"],"acf":[],"_links":{"self":[{"href":"https:\/\/critecnow.com\/diariobeiras\/wp-json\/wp\/v2\/posts\/252137","targetHints":{"allow":["GET"]}}],"collection":[{"href":"https:\/\/critecnow.com\/diariobeiras\/wp-json\/wp\/v2\/posts"}],"about":[{"href":"https:\/\/critecnow.com\/diariobeiras\/wp-json\/wp\/v2\/types\/post"}],"author":[{"embeddable":true,"href":"https:\/\/critecnow.com\/diariobeiras\/wp-json\/wp\/v2\/users\/1"}],"replies":[{"embeddable":true,"href":"https:\/\/critecnow.com\/diariobeiras\/wp-json\/wp\/v2\/comments?post=252137"}],"version-history":[{"count":0,"href":"https:\/\/critecnow.com\/diariobeiras\/wp-json\/wp\/v2\/posts\/252137\/revisions"}],"wp:attachment":[{"href":"https:\/\/critecnow.com\/diariobeiras\/wp-json\/wp\/v2\/media?parent=252137"}],"wp:term":[{"taxonomy":"category","embeddable":true,"href":"https:\/\/critecnow.com\/diariobeiras\/wp-json\/wp\/v2\/categories?post=252137"},{"taxonomy":"post_tag","embeddable":true,"href":"https:\/\/critecnow.com\/diariobeiras\/wp-json\/wp\/v2\/tags?post=252137"}],"curies":[{"name":"wp","href":"https:\/\/api.w.org\/{rel}","templated":true}]}}