{"id":252167,"date":"2022-12-16T17:41:05","date_gmt":"2022-12-16T17:41:05","guid":{"rendered":"https:\/\/www.asbeiras.pt\/?p=252167"},"modified":"2022-12-16T17:41:05","modified_gmt":"2022-12-16T17:41:05","slug":"antes-do-natal-ja-condeixa-festejava-o-yule-e-as-saturnalias","status":"publish","type":"post","link":"https:\/\/critecnow.com\/diariobeiras\/antes-do-natal-ja-condeixa-festejava-o-yule-e-as-saturnalias\/","title":{"rendered":"Antes do Natal j\u00e1 Condeixa festejava o Yule e as Saturn\u00e1lias"},"content":{"rendered":"<div id=\"attachment_252168\" style=\"width: 1210px\" class=\"wp-caption alignnone\"><a href=\"https:\/\/www.asbeiras.pt\/wp-content\/uploads\/2022\/12\/condeixa.jpg\"><img loading=\"lazy\" decoding=\"async\" aria-describedby=\"caption-attachment-252168\" class=\"wp-image-252168 size-full\" src=\"https:\/\/www.asbeiras.pt\/wp-content\/uploads\/2022\/12\/condeixa.jpg\" alt=\"\" width=\"1200\" height=\"628\"\/><\/a><p id=\"caption-attachment-252168\" class=\"wp-caption-text\">DR<\/p><\/div>\n<p>A origem de Con\u00edmbriga remonta a um castro celta da tribo dos Conii, ainda na idade do ferro. Mas \u00e9 com a ocupa\u00e7\u00e3o romana que se deu a expans\u00e3o.<br \/>\nSe, para os Celtas, o Yule, o Solst\u00edcio de Inverno, era j\u00e1 um dos momentos mais importantes e marcava o in\u00edcio de um novo ano, ou a renova\u00e7\u00e3o do sol, para os romanos a efem\u00e9ride era celebrada com um festival: as Saturn\u00e1lias.<br \/>\nOs primeiros comemoravam a data dan\u00e7ando em torno de fogueiras e decoravam as casas com azevinho e pinheiros. J\u00e1 os segundos preparavam grandes banquetes.<br \/>\nNos tempos de C\u00edcero, as Saturn\u00e1lias come\u00e7avam a 17 de dezembro e duravam uma semana: at\u00e9 dia 25. Durante estes dias havia banquetes, visitavam- -se os amigos e trocavam-se presentes.<br \/>\nE foi j\u00e1 com o imperador Constantino que se estabeleceu oficialmente o 25 de dezembro como a data do nascimento de Jesus.<br \/>\nSe h\u00e1 s\u00edtios onde h\u00e1 muito se sabe festejar o Natal, Condeixa \u00e9 certamente um deles. E, seja de inspira\u00e7\u00e3o celta, romana ou cat\u00f3lica, as tradi\u00e7\u00f5es em torno destas festividades nunca se perderam.<br \/>\nMuitos s\u00e9culos antes de o bacalhau se tornar o fiel amigo, seria com a carne do gado &#8211; mais dif\u00edcil de alimentar nesta altura do ano &#8211; que os Celtas se banqueteavam.<br \/>\nOs romanos chegavam a ter sete pratos \u00e0 mesa, com peixes, mariscos, ovos, carne, iguarias ex\u00f3ticas e direito a sobremesas com mel e frutas.<br \/>\n\u00c0 mesa, com fam\u00edlia e amigos, o Natal e o Ano Novo s\u00e3o tempo de festa, n\u00e3o s\u00f3 no concelho de Condeixa, mas tamb\u00e9m&#8230; e com toda a propriedade.<\/p>\n<p><a href=\"https:\/\/www.asbeiras.pt\/wp-content\/uploads\/2022\/12\/manha-magica-condeixa.jpg\"><img loading=\"lazy\" decoding=\"async\" class=\"wp-image-252169 size-full\" src=\"https:\/\/www.asbeiras.pt\/wp-content\/uploads\/2022\/12\/manha-magica-condeixa.jpg\" alt=\"\" width=\"945\" height=\"945\"\/><\/a><\/p>\n<p>Manh\u00e3 M\u00e1gica<\/p>\n<p>A C\u00e2mara Municipal de Condeixa oferece \u00e0s crian\u00e7as do concelho, este domingo, uma \u201cManh\u00e3 M\u00e1gica de Natal\u201d com a presen\u00e7a do Pai Natal e muito mais: Parada de Natal, pipocas, algod\u00e3o doce, bolas de sab\u00e3o, bal\u00f5es, um show&#8211;cooking de chocolate com o chef Fl\u00e1vio Silva, a partir das 10H30 na Pra\u00e7a da Rep\u00fablica.<\/p>\n<p><a href=\"https:\/\/www.asbeiras.pt\/wp-content\/uploads\/2022\/12\/concerto-natal-ega-scaled.jpg\"><img loading=\"lazy\" decoding=\"async\" class=\"wp-image-252170 size-large\" src=\"https:\/\/www.asbeiras.pt\/wp-content\/uploads\/2022\/12\/concerto-natal-ega-747x1024.jpg\" alt=\"\" width=\"650\" height=\"891\"\/><\/a><\/p>\n<p>Concerto na Ega<\/p>\n<p>A Junta de Freguesia de Ega, a Associa\u00e7\u00e3o Ecomuseu de Condeixa e o Conselho Econ\u00f3mico da Par\u00f3quia de Ega promovem, este domingo, a partir das 17H00, na Igreja Matriz de Ega, um Concerto de Natal com o Choral Poliphonico de Coimbra.<br \/>\nAs entradas s\u00e3o gratuitas.<\/p>\n<p><a href=\"https:\/\/www.asbeiras.pt\/wp-content\/uploads\/2022\/12\/meias-2.jpg\"><img loading=\"lazy\" decoding=\"async\" class=\"wp-image-252171 size-full\" src=\"https:\/\/www.asbeiras.pt\/wp-content\/uploads\/2022\/12\/meias-2.jpg\" alt=\"\" width=\"472\" height=\"315\"\/><\/a><\/p>\n<p>Aquecer a meias<\/p>\n<p>O projeto CLDS 4G do concelho promove a 3.\u00aa edi\u00e7\u00e3o do projeto \u201cAquecer a Meias\u201d. Os mun\u00edcipes s\u00e3o desafiados a \u201capadrinhar\u201d um idoso ou fam\u00edlia em situa\u00e7\u00e3o de maior fragilidade \u2013 identificadas quer pelo CLDS 4G quer pela Unidade de A\u00e7\u00e3o Social e Sa\u00fade da C\u00e2mara de Condeixa \u2013 e oferecer-lhe um adere\u00e7o como um par de meias, umas pantufas, um gorro ou umas luvas elaborados ou personalizados por si, para \u201caquecer o Natal de quem mais precisa\u201d.<br \/>\nA par do adere\u00e7o, o desafio \u00e9 ainda escrever um postal de Natal \u201ccom uma mensagem de esperan\u00e7a e otimismo\u201d. As \u201cVisitas dos Afetos\u201d ser\u00e3o realizadas pelo projeto CLDS 4G nas v\u00e9speras do Natal.<\/p>\n<p><a href=\"https:\/\/www.asbeiras.pt\/wp-content\/uploads\/2022\/12\/coroas-de-natal.jpg\"><img loading=\"lazy\" decoding=\"async\" class=\"wp-image-252174 size-full\" src=\"https:\/\/www.asbeiras.pt\/wp-content\/uploads\/2022\/12\/coroas-de-natal.jpg\" alt=\"\" width=\"709\" height=\"997\"\/><\/a><\/p>\n<p>Exposi\u00e7\u00e3o de coroas<\/p>\n<p>A Associa\u00e7\u00e3o Portuguesa de Pais e Amigos de do Cidad\u00e3o Deficiente Mental (APPACDM) de Condeixa promove, at\u00e9 6 de janeiro, uma Exposi\u00e7\u00e3o de Coroas de Natal na sala da Uni\u00e3o das Freguesias de Condeixa-a-Velha e Condeixa-a- -Nova. Para visitar de segunda a sexta-feira, das 09H00 \u00e0s 12H30 e das 14H00 \u00e0s 17H00.<\/p>\n<p>Cabaz para fam\u00edlias mais carenciadas<\/p>\n<p>Uma vez mais, o munic\u00edpio de Condeixa-a-Nova vai atribuir \u00e0s fam\u00edlias mais carenciadas um cabaz com produtos para ajudar a dar um Natal mais feliz a quem mais precisa.<br \/>\nMais de uma centena e meia de fam\u00edlias \u2013 com um rendimento per capita igual ou inferior a 70 por cento do Indexante dos Apoios Sociais &#8211; candidatou-se a receber este apoio que \u201cembora n\u00e3o constitua uma solu\u00e7\u00e3o para os problemas sociais e econ\u00f3micos que afetam a popula\u00e7\u00e3o, \u00e9 uma forma de atenuar as dificuldades dos mais desprotegidos\u201d, diz a autarquia.<\/p>\n<p>Unidade Pastoral organiza recolha de bens<\/p>\n<p>Paralelamente \u00e0 a\u00e7\u00e3o do pelouro de A\u00e7\u00e3o Social do munic\u00edpio, o Grupo S\u00f3ciocaritativo da Unidade Pastoral de Con\u00edmbriga organiza, durante este fim de semana, uma recolha de bens para entregar \u00e0 Loja Social do munic\u00edpio.<br \/>\n\u201cDa nossa terra para o vosso cabaz\u201d \u00e9 o nome da campanha que apela aos fi\u00e9is que entreguem na sua igreja ou capela produtos como \u201ccouves ou outras hortali\u00e7as, feij\u00e3o, gr\u00e3o, batatas, cebolas, chuchus, ab\u00f3bora, azeite ou fruta da \u00e9poca\u201d. As entregas \u00e0s fam\u00edlias decorrem dias 20 e 21 deste m\u00eas.<\/p>\n<p>&nbsp;<\/p>\n<p><a href=\"https:\/\/www.asbeiras.pt\/wp-content\/uploads\/2022\/12\/Nuno-Moita-presidente-de-Condeixa-3.jpg\"><img loading=\"lazy\" decoding=\"async\" class=\"alignnone size-medium wp-image-252179\" src=\"https:\/\/www.asbeiras.pt\/wp-content\/uploads\/2022\/12\/Nuno-Moita-presidente-de-Condeixa-3-237x300.jpg\" alt=\"\" width=\"237\" height=\"300\"\/><\/a><\/p>\n<p>Opini\u00e3o: Est\u00edmulo aos sentidos<\/p>\n<p><em><strong>Nuno Moita, presidente da C\u00e2mara Municipal de Condeixa-a-Nova<\/strong><\/em><\/p>\n<p>Nas ruas de Condeixa j\u00e1 se sente o frenesim de uma \u00e9poca muito especial que nos desperta para as emo\u00e7\u00f5es e sentimentos que mais importam \u00e0 Humanidade. Uma \u00e9poca que nos desafia a recentrar a import\u00e2ncia do outro nas nossas vidas, na certeza de que quanto mais profundas forem as nossas rela\u00e7\u00f5es, melhor sociedade seremos.<\/p>\n<p>Neste Natal de 2022 preparamos um ambiente e um programa de est\u00edmulo aos sentidos e \u00e0s mem\u00f3rias de natais passados, com a tradicional ilumina\u00e7\u00e3o natal\u00edcia, que sempre aquece o nosso esp\u00edrito, ainda que este ano tenhamos reduzido as luzes e o per\u00edodo iluminado, contribuindo, sem apagar a magia natal\u00edcia, para minimizar a nossa pegada ecol\u00f3gica.<\/p>\n<p>Entretanto, estamos em contagem decrescente para a grande \u201cManh\u00e3 M\u00e1gica de Natal\u201d, evento que acontece este domingo, dia 18 de dezembro, \u00e0s 10h30, na pra\u00e7a central da vila, para alimentar a imagina\u00e7\u00e3o e fantasia dos mais novos. Haver\u00e1 um showcooking de chocolate para pais e filhos, com o chef Fl\u00e1vio Silva, onde todos est\u00e3o convidados a participar e provar o resultado.<\/p>\n<p>O Pai Natal naturalmente que n\u00e3o vai perder a festa, que ter\u00e1 ainda uma parada de Natal, modelagem de bal\u00f5es, bolas de sab\u00e3o gigante, duendes, algod\u00e3o doce e pipocas, entre outras atra\u00e7\u00f5es.<\/p>\n<p>Fa\u00e7o votos para que todos vivam o Natal em festa e uni\u00e3o e que em 2023 possamos continuar juntos, por um mundo melhor e uma sociedade mais justa. Feliz Natal e um excelente Ano Novo de 2023!<\/p>\n","protected":false},"excerpt":{"rendered":"<p>Natal e Ano Novo em Condeixa<\/p>\n","protected":false},"author":1,"featured_media":252168,"comment_status":"open","ping_status":"open","sticky":false,"template":"","format":"standard","meta":{"_acf_changed":false,"footnotes":""},"categories":[136,31],"tags":[114,4145,213,610],"class_list":["post-252167","post","type-post","status-publish","format-standard","has-post-thumbnail","hentry","category-condeixa-a-nova","category-geral","tag-ano-novo","tag-condeixa","tag-natal","tag-programacao"],"acf":[],"_links":{"self":[{"href":"https:\/\/critecnow.com\/diariobeiras\/wp-json\/wp\/v2\/posts\/252167","targetHints":{"allow":["GET"]}}],"collection":[{"href":"https:\/\/critecnow.com\/diariobeiras\/wp-json\/wp\/v2\/posts"}],"about":[{"href":"https:\/\/critecnow.com\/diariobeiras\/wp-json\/wp\/v2\/types\/post"}],"author":[{"embeddable":true,"href":"https:\/\/critecnow.com\/diariobeiras\/wp-json\/wp\/v2\/users\/1"}],"replies":[{"embeddable":true,"href":"https:\/\/critecnow.com\/diariobeiras\/wp-json\/wp\/v2\/comments?post=252167"}],"version-history":[{"count":0,"href":"https:\/\/critecnow.com\/diariobeiras\/wp-json\/wp\/v2\/posts\/252167\/revisions"}],"wp:featuredmedia":[{"embeddable":true,"href":"https:\/\/critecnow.com\/diariobeiras\/wp-json\/"}],"wp:attachment":[{"href":"https:\/\/critecnow.com\/diariobeiras\/wp-json\/wp\/v2\/media?parent=252167"}],"wp:term":[{"taxonomy":"category","embeddable":true,"href":"https:\/\/critecnow.com\/diariobeiras\/wp-json\/wp\/v2\/categories?post=252167"},{"taxonomy":"post_tag","embeddable":true,"href":"https:\/\/critecnow.com\/diariobeiras\/wp-json\/wp\/v2\/tags?post=252167"}],"curies":[{"name":"wp","href":"https:\/\/api.w.org\/{rel}","templated":true}]}}