{"id":252173,"date":"2022-12-16T15:29:36","date_gmt":"2022-12-16T15:29:36","guid":{"rendered":"https:\/\/www.asbeiras.pt\/?p=252173"},"modified":"2022-12-16T15:29:36","modified_gmt":"2022-12-16T15:29:36","slug":"excesso-de-mortalidade-aumentou-em-outubro-na-uniao-europeia","status":"publish","type":"post","link":"https:\/\/critecnow.com\/diariobeiras\/excesso-de-mortalidade-aumentou-em-outubro-na-uniao-europeia\/","title":{"rendered":"Excesso de mortalidade aumentou em outubro na Uni\u00e3o Europeia"},"content":{"rendered":"<div id=\"attachment_189920\" style=\"width: 757px\" class=\"wp-caption alignnone\"><a href=\"https:\/\/www.asbeiras.pt\/wp-content\/uploads\/2020\/04\/Eurostat.png\"><img loading=\"lazy\" decoding=\"async\" aria-describedby=\"caption-attachment-189920\" class=\"size-full wp-image-189920\" src=\"https:\/\/www.asbeiras.pt\/wp-content\/uploads\/2020\/04\/Eurostat.png\" alt=\"\" width=\"747\" height=\"498\" \/><\/a><p id=\"caption-attachment-189920\" class=\"wp-caption-text\">DR<\/p><\/div>\n<p>O excesso de mortalidade na Uni\u00e3o Europeia aumentou em outubro, tendo-se verificado cerca de 31.000 mortes adicionais, revelou hoje o Eurostat.<\/p>\n<p class=\"text-paragraph\">Este indicador havia registado uma quebra em agosto e em setembro, depois de um pico de +17% em julho, o valor mais elevado at\u00e9 ao momento em 2022 e \u201cexcecionalmente alto para o m\u00eas de julho\u201d, de acordo com o gabinete de estat\u00edsticas da Uni\u00e3o Europeia.<\/p>\n<p class=\"text-paragraph\">\u201cO excesso de mortalidade em outubro de 2022 foi +10% do n\u00famero m\u00e9dio de mortes no mesmo per\u00edodo em 2016-2019 e \u00e9 +0,5% em compara\u00e7\u00e3o com setembro de 2022\u201d, refere o organismo na informa\u00e7\u00e3o hoje divulgada.<\/p>\n<p class=\"text-paragraph\">A taxa de mortalidade excessiva foi de +17% em outubro de 2020 (66.000 mortes em excesso) e de +18% em outubro de 2021 (69.000 mortes em excesso).<\/p>\n<p class=\"text-paragraph\">O excesso de mortalidade refere-se ao n\u00famero de mortes por todas as causas medido durante uma crise, acima do que poderia ser observado em condi\u00e7\u00f5es &#8216;normais&#8217;.<\/p>\n<p class=\"text-paragraph\">Todos os Estados-Membros registaram taxas positivas, exceto a Rom\u00e9nia (-7%) e a Bulg\u00e1ria (-2%).<\/p>\n<p class=\"text-paragraph\">\u201cEmbora um aumento substancial no excesso de mortalidade coincida amplamente com o surto de covid-19, esse indicador n\u00e3o discrimina as causas de morte e n\u00e3o identifica diferen\u00e7as entre sexo ou idade\u201d, especificou o Eurostat.<\/p>\n<p class=\"text-paragraph\">As taxas mais elevadas em outubro deste ano foram registadas na Alemanha (+23%), Malta e Holanda (ambos com +19%). A seguir \u00e0 Rom\u00e9nia e \u00e0 Bulg\u00e1ria, as taxas mais baixas foram apuradas na Su\u00e9cia (+1%), Eslov\u00e1quia (+2%), It\u00e1lia (+3%), Cro\u00e1cia e Hungria (ambas +4%).<\/p>\n<p class=\"text-paragraph\">O Eurostat recordou que a UE registou grandes picos de excesso de mortes em abril de 2020 (+25%), novembro de 2020 (+40%), abril de 2021 (+21%) e novembro de 2021 (+27%).<\/p>\n<p class=\"text-paragraph\">Em Portugal, foram hoje divulgadas as estat\u00edsticas vitais da popula\u00e7\u00e3o pelo Instituto Nacional de Estat\u00edstica (INE), que assinalou uma diminui\u00e7\u00e3o do n\u00famero de mortes em novembro (-2,5%), face ao mesmo m\u00eas do ano passado.<\/p>\n<p class=\"text-paragraph\">No m\u00eas passado, o INE registou 10.150 \u00f3bitos, mais 632 do que em outubro, mas menos 255 do que em novembro de 2021.<\/p>\n","protected":false},"excerpt":{"rendered":"<p>O excesso de mortalidade na Uni\u00e3o Europeia aumentou em outubro, tendo-se verificado cerca de 31.000 mortes adicionais, revelou hoje o Eurostat.<\/p>\n","protected":false},"author":1,"featured_media":189920,"comment_status":"open","ping_status":"open","sticky":false,"template":"","format":"standard","meta":{"_acf_changed":false,"footnotes":""},"categories":[31,209],"tags":[2386,11328,419],"class_list":["post-252173","post","type-post","status-publish","format-standard","has-post-thumbnail","hentry","category-geral","category-internacional","tag-eurostat","tag-mortalidade","tag-uniao-europeia"],"acf":[],"_links":{"self":[{"href":"https:\/\/critecnow.com\/diariobeiras\/wp-json\/wp\/v2\/posts\/252173","targetHints":{"allow":["GET"]}}],"collection":[{"href":"https:\/\/critecnow.com\/diariobeiras\/wp-json\/wp\/v2\/posts"}],"about":[{"href":"https:\/\/critecnow.com\/diariobeiras\/wp-json\/wp\/v2\/types\/post"}],"author":[{"embeddable":true,"href":"https:\/\/critecnow.com\/diariobeiras\/wp-json\/wp\/v2\/users\/1"}],"replies":[{"embeddable":true,"href":"https:\/\/critecnow.com\/diariobeiras\/wp-json\/wp\/v2\/comments?post=252173"}],"version-history":[{"count":0,"href":"https:\/\/critecnow.com\/diariobeiras\/wp-json\/wp\/v2\/posts\/252173\/revisions"}],"wp:attachment":[{"href":"https:\/\/critecnow.com\/diariobeiras\/wp-json\/wp\/v2\/media?parent=252173"}],"wp:term":[{"taxonomy":"category","embeddable":true,"href":"https:\/\/critecnow.com\/diariobeiras\/wp-json\/wp\/v2\/categories?post=252173"},{"taxonomy":"post_tag","embeddable":true,"href":"https:\/\/critecnow.com\/diariobeiras\/wp-json\/wp\/v2\/tags?post=252173"}],"curies":[{"name":"wp","href":"https:\/\/api.w.org\/{rel}","templated":true}]}}