{"id":252773,"date":"2022-12-22T11:49:52","date_gmt":"2022-12-22T11:49:52","guid":{"rendered":"https:\/\/www.asbeiras.pt\/?p=252773"},"modified":"2022-12-22T11:49:52","modified_gmt":"2022-12-22T11:49:52","slug":"opiniao-o-plano-municipal-de-protecao-civil-tem-o-fenomeno-das-cheias-assegurado-na-cidade-2","status":"publish","type":"post","link":"https:\/\/critecnow.com\/diariobeiras\/opiniao-o-plano-municipal-de-protecao-civil-tem-o-fenomeno-das-cheias-assegurado-na-cidade-2\/","title":{"rendered":"Opini\u00e3o: O Plano Municipal de Prote\u00e7\u00e3o Civil tem o fen\u00f3meno das cheias assegurado na cidade?"},"content":{"rendered":"<p><a href=\"https:\/\/www.asbeiras.pt\/wp-content\/uploads\/2022\/12\/CARLOS-LOPES.jpg\"><img loading=\"lazy\" decoding=\"async\" class=\"alignnone wp-image-252774 size-full\" src=\"https:\/\/www.asbeiras.pt\/wp-content\/uploads\/2022\/12\/CARLOS-LOPES.jpg\" alt=\"\" width=\"1200\" height=\"628\" \/><\/a><\/p>\n<p>SIM<br \/>\nAtualmente, no quadro de altera\u00e7\u00f5es clim\u00e1ticas, \u00e9 expet\u00e1vel que aumente a frequ\u00eancia e a magnitude das cheias. O risco natural respons\u00e1vel pelas maiores perdas econ\u00f3micas a n\u00edvel mundial.<br \/>\nO territ\u00f3rio de Coimbra \u00e9 um espa\u00e7o de perigosidade geomorfol\u00f3gica e hidrol\u00f3gica, onde estas se destacam. Um problema secular, cuja hist\u00f3ria foi marcada por eventos de grande poder destrutivo.<br \/>\nAtualmente, o sistema de defesa contra cheias e inunda\u00e7\u00f5es do Mondego assenta num complexo de infraestruturas como as barragens da Aguieira-Raiva-Fronhas-A\u00e7ude Ponte de Coimbra; diques e descarregadores de cheias, mas tamb\u00e9m num Sistema de Vigil\u00e2ncia e Alerta de Recursos H\u00eddricos e em normas de gest\u00e3o e de planeamento.<br \/>\n\u00c9 neste contexto que o Munic\u00edpio de Coimbra desenvolveu um conjunto de instrumentos, nomeadamente o Plano Municipal de Emerg\u00eancia de Prote\u00e7\u00e3o Civil de Coimbra e o Plano Especial de Emerg\u00eancia para o Risco de Cheias e Inunda\u00e7\u00f5es, documentos imprescind\u00edveis numa resposta \u00e0 minimiza\u00e7\u00e3o dos impactos negativos e \u00e0 reposi\u00e7\u00e3o da normalidade.<br \/>\nAinda assim, num quadro de ocorr\u00eancia de eventos extremos de cheias por for\u00e7a das altera\u00e7\u00f5es clim\u00e1ticas ou outros for\u00e7adores, considera-se fundamental concluir o projeto de interven\u00e7\u00e3o na Bacia do Mondego, designadamente a obra hidroagr\u00edcola do Baixo Mondego, a sensoriza\u00e7\u00e3o alargada do comportamento dos rios e ribeiras, assim como, a rean\u00e1lise e a moderniza\u00e7\u00e3o do potencial hidroel\u00e9trico da bacia do Mondego.<\/p>\n","protected":false},"excerpt":{"rendered":"<p>Carlos Lopes<\/p>\n","protected":false},"author":1,"featured_media":252785,"comment_status":"open","ping_status":"open","sticky":false,"template":"","format":"standard","meta":{"_acf_changed":false,"footnotes":""},"categories":[31,5],"tags":[1235,100],"class_list":["post-252773","post","type-post","status-publish","format-standard","has-post-thumbnail","hentry","category-geral","category-opiniao","tag-carlos-lopes","tag-opiniao"],"acf":[],"_links":{"self":[{"href":"https:\/\/critecnow.com\/diariobeiras\/wp-json\/wp\/v2\/posts\/252773","targetHints":{"allow":["GET"]}}],"collection":[{"href":"https:\/\/critecnow.com\/diariobeiras\/wp-json\/wp\/v2\/posts"}],"about":[{"href":"https:\/\/critecnow.com\/diariobeiras\/wp-json\/wp\/v2\/types\/post"}],"author":[{"embeddable":true,"href":"https:\/\/critecnow.com\/diariobeiras\/wp-json\/wp\/v2\/users\/1"}],"replies":[{"embeddable":true,"href":"https:\/\/critecnow.com\/diariobeiras\/wp-json\/wp\/v2\/comments?post=252773"}],"version-history":[{"count":0,"href":"https:\/\/critecnow.com\/diariobeiras\/wp-json\/wp\/v2\/posts\/252773\/revisions"}],"wp:attachment":[{"href":"https:\/\/critecnow.com\/diariobeiras\/wp-json\/wp\/v2\/media?parent=252773"}],"wp:term":[{"taxonomy":"category","embeddable":true,"href":"https:\/\/critecnow.com\/diariobeiras\/wp-json\/wp\/v2\/categories?post=252773"},{"taxonomy":"post_tag","embeddable":true,"href":"https:\/\/critecnow.com\/diariobeiras\/wp-json\/wp\/v2\/tags?post=252773"}],"curies":[{"name":"wp","href":"https:\/\/api.w.org\/{rel}","templated":true}]}}