{"id":253267,"date":"2022-12-30T12:08:57","date_gmt":"2022-12-30T12:08:57","guid":{"rendered":"https:\/\/www.asbeiras.pt\/?p=253267"},"modified":"2022-12-30T12:08:57","modified_gmt":"2022-12-30T12:08:57","slug":"concluir-a-intervencao-no-pavilhao-multiusos-de-cernache","status":"publish","type":"post","link":"https:\/\/critecnow.com\/diariobeiras\/concluir-a-intervencao-no-pavilhao-multiusos-de-cernache\/","title":{"rendered":"Concluir a interven\u00e7\u00e3o no pavilh\u00e3o multiusos de Cernache"},"content":{"rendered":"<p><a href=\"https:\/\/www.asbeiras.pt\/wp-content\/uploads\/2022\/12\/06-Camarins-Pavilhao-Junta-Cernache-MA-5.jpg\"><img loading=\"lazy\" decoding=\"async\" class=\"alignnone wp-image-253282 size-full\" src=\"https:\/\/www.asbeiras.pt\/wp-content\/uploads\/2022\/12\/06-Camarins-Pavilhao-Junta-Cernache-MA-5.jpg\" alt=\"\" width=\"1200\" height=\"628\"\/><\/a><\/p>\n<p>Na Junta de Freguesia de Cernache, a prioridade passa por concluir as obras no Pavilh\u00e3o Multiusos. Herdado pelo executivo em 2005, a junta tem vindo a realizar pequenas interven\u00e7\u00f5es todos os anos, mas o presidente da junta, Victor Carvalho, quer \u201cacabar\u201d de vez com as interven\u00e7\u00f5es naquele recinto e, desta forma, coloc\u00e1-lo \u00e0 disposi\u00e7\u00e3o da popula\u00e7\u00e3o.<br \/>\nPara tal, \u00e9 necess\u00e1rio construir os camarins, instalar o sistema el\u00e9trico em todo o edif\u00edcio e mudar a cobertura. \u201cQuando foi feita, em 2005, colocaram-na ao contr\u00e1rio, o que leva a que em algumas situa\u00e7\u00f5es se registem infiltra\u00e7\u00f5es\u201d, refere o autarca.<br \/>\nApesar do foco estar neste recinto, a junta prev\u00ea avan\u00e7ar em 2023 com a requalifica\u00e7\u00e3o da levada hidr\u00e1ulica da rua dos Loureiros, em Cernache. Uma interven\u00e7\u00e3o que se encontrava inserida nos protocolos com a autarquia para o ano de 2022, mas que passou para o ano novo.<br \/>\nRota pedestre<br \/>\nUma das novidades do novo ano em Cernache passa pela cria\u00e7\u00e3o da Rota das Quelhas e Cortelhas. Um percurso pedestre com a extens\u00e3o de 12 quil\u00f3metros que mostrar\u00e1 algumas das belezas naturais da freguesia.<br \/>\nA junta vai continuar a apostar nos eventos culturais com a dinamiza\u00e7\u00e3o do Museu do Moinho das Lapas e a promo\u00e7\u00e3o de tr\u00eas grandes eventos: a ExpoCernache, a Feira de S. Martinho e o Mercado de Natal. Uma das propostas que a junta de Cernache gostaria de ver concretizada no pr\u00f3ximo ano diz respeito \u00e0 aquisi\u00e7\u00e3o de um pavilh\u00e3o amov\u00edvel para a coloca\u00e7\u00e3o do seu equipamento.<br \/>\nDo lado da a\u00e7\u00e3o social, a autarquia quer manter todos os apoios que j\u00e1 s\u00e3o prestados \u00e0 popula\u00e7\u00e3o mais carenciada.<\/p>\n","protected":false},"excerpt":{"rendered":"<p>Na Junta de Freguesia de Cernache, a prioridade passa por concluir as obras no Pavilh\u00e3o Multiusos<\/p>\n","protected":false},"author":1,"featured_media":253282,"comment_status":"open","ping_status":"open","sticky":false,"template":"","format":"standard","meta":{"_acf_changed":false,"footnotes":""},"categories":[39,31],"tags":[305,11544,11545,11546,11547,9657],"class_list":["post-253267","post","type-post","status-publish","format-standard","has-post-thumbnail","hentry","category-coimbra-2","category-geral","tag-cernache","tag-discurso-direto","tag-junta-de-freguesia-de-cernache","tag-pavilhao-multiusos","tag-rota-pedestre","tag-victor-carvalho"],"acf":[],"_links":{"self":[{"href":"https:\/\/critecnow.com\/diariobeiras\/wp-json\/wp\/v2\/posts\/253267","targetHints":{"allow":["GET"]}}],"collection":[{"href":"https:\/\/critecnow.com\/diariobeiras\/wp-json\/wp\/v2\/posts"}],"about":[{"href":"https:\/\/critecnow.com\/diariobeiras\/wp-json\/wp\/v2\/types\/post"}],"author":[{"embeddable":true,"href":"https:\/\/critecnow.com\/diariobeiras\/wp-json\/wp\/v2\/users\/1"}],"replies":[{"embeddable":true,"href":"https:\/\/critecnow.com\/diariobeiras\/wp-json\/wp\/v2\/comments?post=253267"}],"version-history":[{"count":0,"href":"https:\/\/critecnow.com\/diariobeiras\/wp-json\/wp\/v2\/posts\/253267\/revisions"}],"wp:featuredmedia":[{"embeddable":true,"href":"https:\/\/critecnow.com\/diariobeiras\/wp-json\/"}],"wp:attachment":[{"href":"https:\/\/critecnow.com\/diariobeiras\/wp-json\/wp\/v2\/media?parent=253267"}],"wp:term":[{"taxonomy":"category","embeddable":true,"href":"https:\/\/critecnow.com\/diariobeiras\/wp-json\/wp\/v2\/categories?post=253267"},{"taxonomy":"post_tag","embeddable":true,"href":"https:\/\/critecnow.com\/diariobeiras\/wp-json\/wp\/v2\/tags?post=253267"}],"curies":[{"name":"wp","href":"https:\/\/api.w.org\/{rel}","templated":true}]}}