{"id":253418,"date":"2022-12-31T14:48:54","date_gmt":"2022-12-31T14:48:54","guid":{"rendered":"https:\/\/www.asbeiras.pt\/?p=253418"},"modified":"2022-12-31T14:48:54","modified_gmt":"2022-12-31T14:48:54","slug":"orcamento-de-1-milhao-e-200-mil-euros-para-atrair-pessoas","status":"publish","type":"post","link":"https:\/\/critecnow.com\/diariobeiras\/orcamento-de-1-milhao-e-200-mil-euros-para-atrair-pessoas\/","title":{"rendered":"Or\u00e7amento de 1 milh\u00e3o e 200 mil euros para atrair pessoas"},"content":{"rendered":"<div id=\"attachment_253419\" style=\"width: 1210px\" class=\"wp-caption alignnone\"><a href=\"https:\/\/www.asbeiras.pt\/wp-content\/uploads\/2022\/12\/06-Rui-Soares-DR.jpg\"><img loading=\"lazy\" decoding=\"async\" aria-describedby=\"caption-attachment-253419\" class=\"wp-image-253419 size-full\" src=\"https:\/\/www.asbeiras.pt\/wp-content\/uploads\/2022\/12\/06-Rui-Soares-DR.jpg\" alt=\"\" width=\"1200\" height=\"628\"\/><\/a><p id=\"caption-attachment-253419\" class=\"wp-caption-text\">DR<\/p><\/div>\n<p>Com um or\u00e7amento de 1 milh\u00e3o e 200 mil euros para 2023, a Uni\u00e3o das Freguesias de Souselas e Bot\u00e3o pretende \u201catrair mais pessoas e apostar no tecido empresarial\u201d para a zona norte do concelho de Coimbra.<br \/>\nSegundo Rui Soares, presidente da Uni\u00e3o das Freguesias de Souselas e Bot\u00e3o, \u201cdesde 2011 at\u00e9 2021 que a freguesia perdeu cerca de 500 pessoas e queremos inverter esta tend\u00eancia\u201d. Rui Soares pretende estimular os empres\u00e1rios a olharem para a zona norte do concelho e que apostem na reconstru\u00e7\u00e3o das antigas unidades empresariais que neste momento est\u00e3o devolutas.<\/p>\n<h4>Execu\u00e7\u00e3o dos projetos \u00e9 fundamental<\/h4>\n<p>Al\u00e9m da din\u00e2mica habitual da freguesia, est\u00e1 previsto o alargamento e melhoramento das condi\u00e7\u00f5es da estrada entre a \u201cCurva da Zouparria\u201d, na localidade de Zouparria do Monte, at\u00e9 aos sem\u00e1foros do Sargento-Mor. O objetivo \u00e9 dar melhores condi\u00e7\u00f5es de seguran\u00e7a tanto aos condutores como aos pe\u00f5es. Com a dura\u00e7\u00e3o de tr\u00eas meses, esta empreitada ter\u00e1 um custo de 600 mil euros, suportada na totalidade pela C\u00e2mara Municipal de Coimbra. Obra dever\u00e1 arrancar a meio do ano.<br \/>\nA Casa do Povo de Souselas e o Centro de Sa\u00fade de Souselas v\u00e3o sofrer v\u00e1rias interven\u00e7\u00f5es. Ser\u00e1 removido o amianto do telhado do edif\u00edcio e colocado isolamento t\u00e9rmico e tela de PVC. O Centro de Sa\u00fade ir\u00e1 ver nascer mais quatro gabinetes e constru\u00eddo um balne\u00e1rio e uma nova cozinha para dar apoio ao edif\u00edcio da Casa do Povo. Esta empreitada deve estar pronta no final do ano e custar\u00e1 cerca de 100 mil euros.<\/p>\n","protected":false},"excerpt":{"rendered":"<p>Com um or\u00e7amento de 1 milh\u00e3o e 200 mil euros para 2023, a Uni\u00e3o das Freguesias de Souselas e Bot\u00e3o pretende \u201catrair mais pessoas e apostar no tecido empresarial\u201d para a zona norte do concelho de Coimbra<\/p>\n","protected":false},"author":1,"featured_media":253419,"comment_status":"open","ping_status":"open","sticky":false,"template":"","format":"standard","meta":{"_acf_changed":false,"footnotes":""},"categories":[39,31],"tags":[59,160,11596],"class_list":["post-253418","post","type-post","status-publish","format-standard","has-post-thumbnail","hentry","category-coimbra-2","category-geral","tag-59","tag-orcamento","tag-uniao-das-freguesias-de-souselas-e-botao"],"acf":[],"_links":{"self":[{"href":"https:\/\/critecnow.com\/diariobeiras\/wp-json\/wp\/v2\/posts\/253418","targetHints":{"allow":["GET"]}}],"collection":[{"href":"https:\/\/critecnow.com\/diariobeiras\/wp-json\/wp\/v2\/posts"}],"about":[{"href":"https:\/\/critecnow.com\/diariobeiras\/wp-json\/wp\/v2\/types\/post"}],"author":[{"embeddable":true,"href":"https:\/\/critecnow.com\/diariobeiras\/wp-json\/wp\/v2\/users\/1"}],"replies":[{"embeddable":true,"href":"https:\/\/critecnow.com\/diariobeiras\/wp-json\/wp\/v2\/comments?post=253418"}],"version-history":[{"count":0,"href":"https:\/\/critecnow.com\/diariobeiras\/wp-json\/wp\/v2\/posts\/253418\/revisions"}],"wp:attachment":[{"href":"https:\/\/critecnow.com\/diariobeiras\/wp-json\/wp\/v2\/media?parent=253418"}],"wp:term":[{"taxonomy":"category","embeddable":true,"href":"https:\/\/critecnow.com\/diariobeiras\/wp-json\/wp\/v2\/categories?post=253418"},{"taxonomy":"post_tag","embeddable":true,"href":"https:\/\/critecnow.com\/diariobeiras\/wp-json\/wp\/v2\/tags?post=253418"}],"curies":[{"name":"wp","href":"https:\/\/api.w.org\/{rel}","templated":true}]}}