{"id":253748,"date":"2023-01-05T09:16:43","date_gmt":"2023-01-05T09:16:43","guid":{"rendered":"https:\/\/www.asbeiras.pt\/?p=253748"},"modified":"2023-01-05T09:16:43","modified_gmt":"2023-01-05T09:16:43","slug":"cernache-sao-obras-bem-vindas-na-rua-cimo-do-olival","status":"publish","type":"post","link":"https:\/\/critecnow.com\/diariobeiras\/cernache-sao-obras-bem-vindas-na-rua-cimo-do-olival\/","title":{"rendered":"Cernache: \u201cS\u00e3o obras bem-vindas\u201d na rua Cimo do Olival"},"content":{"rendered":"<div id=\"attachment_253749\" style=\"width: 1210px\" class=\"wp-caption alignnone\"><a href=\"https:\/\/www.asbeiras.pt\/wp-content\/uploads\/2023\/01\/10-rua-cimo-do-olival-pr.jpg\"><img loading=\"lazy\" decoding=\"async\" aria-describedby=\"caption-attachment-253749\" class=\"wp-image-253749 size-full\" src=\"https:\/\/www.asbeiras.pt\/wp-content\/uploads\/2023\/01\/10-rua-cimo-do-olival-pr.jpg\" alt=\"\" width=\"1200\" height=\"628\" srcset=\"https:\/\/critecnow.com\/diariobeiras\/wp-content\/uploads\/2023\/01\/10-rua-cimo-do-olival-pr.jpg 1200w, https:\/\/critecnow.com\/diariobeiras\/wp-content\/uploads\/2023\/01\/10-rua-cimo-do-olival-pr-300x157.jpg 300w, https:\/\/critecnow.com\/diariobeiras\/wp-content\/uploads\/2023\/01\/10-rua-cimo-do-olival-pr-1024x536.jpg 1024w, https:\/\/critecnow.com\/diariobeiras\/wp-content\/uploads\/2023\/01\/10-rua-cimo-do-olival-pr-768x402.jpg 768w, https:\/\/critecnow.com\/diariobeiras\/wp-content\/uploads\/2023\/01\/10-rua-cimo-do-olival-pr-600x314.jpg 600w\" sizes=\"auto, (max-width: 1200px) 100vw, 1200px\" \/><\/a><p id=\"caption-attachment-253749\" class=\"wp-caption-text\">DB\/Foto de Pedro Ramos<\/p><\/div>\n<p>At\u00e9 ao pr\u00f3ximo dia 17 deste m\u00eas, os utilizadores da rua Cimo do Olival, na freguesia de Cernache, v\u00e3o ter as suas vidas condicionadas pelas obras de repavimenta\u00e7\u00e3o e saneamentos pontuais de solo em curso desde ontem.<br \/>\nAo longo de quase um quil\u00f3metro, diversas zonas da estrada v\u00e3o ser alvo de interven\u00e7\u00e3o, desta feita da responsabilidade da empresa Civib\u00e9rica-Obras Civis, SA, integradas numa opera\u00e7\u00e3o de requalifica\u00e7\u00e3o da rede vi\u00e1ria do concelho, que representa um investimento superior a cinco milh\u00f5es de euros.<br \/>\nOs trabalhos da empreitada a decorrer na rua Cimo do Olival v\u00e3o realizar-se entre as 08H00 e as 17H00, com os condicionamentos de tr\u00e2nsito a obrigarem \u00e0 circula\u00e7\u00e3o alternada (ser\u00e1 efetuada com recurso a sem\u00e1foros).<br \/>\nOntem, durante a reportagem do DI\u00c1RIO AS BEIRAS, os trabalhadores da empresa respons\u00e1vel pela obra j\u00e1 haviam dado in\u00edcio aos trabalhos, com sinaliza\u00e7\u00e3o da interven\u00e7\u00e3o, desloca\u00e7\u00e3o de m\u00e1quinas e limpeza, para continuidade da obra nos prazos estipulados.<br \/>\nEm nota de imprensa enviada ao DI\u00c1RIO AS BEIRAS, a C\u00e2mara municipal de Coimbra (CMC) explica que \u201cesta \u00e9 uma opera\u00e7\u00e3o que visa a conserva\u00e7\u00e3o da rede vi\u00e1ria de todo o concelho, com maior incid\u00eancia na requalifica\u00e7\u00e3o dos pavimentos rodovi\u00e1rios betuminosos\u201d, mas que inclui tamb\u00e9m a \u201cconserva\u00e7\u00e3o e requalifica\u00e7\u00e3o de diversos outros elementos que integram a plataforma vi\u00e1ria, designadamente pavimentos em cal\u00e7ada, passeios, bermas, valetas, drenagens, taludes, muros de suporte, guardas de seguran\u00e7a e sinaliza\u00e7\u00e3o horizontal\u201d.<br \/>\n\u201cAs obras<br \/>\nt\u00eam de se fazer\u201d<br \/>\nPara Victor Carvalho, presidente da Junta de Freguesia de Cernache, esta \u201c\u00e9 uma obra de repavimenta\u00e7\u00e3o da c\u00e2mara\u201d, que n\u00e3o tem sido realizada apenas na freguesia.<br \/>\nO autarca lembra que a interven\u00e7\u00e3o na rua Cimo do Olival remonta a 2013, aquando da sua primeira pavimenta\u00e7\u00e3o. \u201cAgora estava um bocado danificada e est\u00e3o a repavimentar alguns espa\u00e7os\u201d, explica o presidente da junta.<br \/>\nAo DI\u00c1RIO AS BEIRAS, Victor Carvalho admitiu que esta interven\u00e7\u00e3o da CMC \u201ccausa sempre algum transtorno, sobretudo de manh\u00e3 e horas de ponta, mas as obras t\u00eam de se fazer\u201d.<br \/>\nO autarca v\u00ea com agrado esta interven\u00e7\u00e3o, mas lembra que \u201ch\u00e1 muitos espa\u00e7os na freguesia a precisar do mesmo tipo interven\u00e7\u00e3o\u201d. Ainda assim, ressalva: \u201cJ\u00e1 t\u00eam sido feitas algumas e esperamos que a c\u00e2mara v\u00e1 continuar\u201d.<br \/>\nA terminar, sublinhou que h\u00e1 outros locais na freguesia a necessitar do mesmo tipo de interven\u00e7\u00e3o. \u201cH\u00e1 mais uma obra em Vila Pouca que est\u00e1 projetada e na rua das Ch\u00e3s tamb\u00e9m\u201d, sublinhou \u2013 mas refere que \u201cs\u00e3o obras bem-vindas\u201d.<br \/>\n| Jos\u00e9 Armando Torres<\/p>\n","protected":false},"excerpt":{"rendered":"<p>At\u00e9 ao pr\u00f3ximo dia 17 deste m\u00eas, os utilizadores da rua Cimo do Olival, na freguesia de Cernache, v\u00e3o ter as suas vidas condicionadas pelas obras de repavimenta\u00e7\u00e3o e saneamentos pontuais de solo em curso desde ontem.<\/p>\n","protected":false},"author":10,"featured_media":253749,"comment_status":"open","ping_status":"open","sticky":false,"template":"","format":"standard","meta":{"_acf_changed":false,"footnotes":""},"categories":[39,31],"tags":[305,151,306],"class_list":["post-253748","post","type-post","status-publish","format-standard","has-post-thumbnail","hentry","category-coimbra-2","category-geral","tag-cernache","tag-obras","tag-rua-cimo-do-olival"],"acf":[],"_links":{"self":[{"href":"https:\/\/critecnow.com\/diariobeiras\/wp-json\/wp\/v2\/posts\/253748","targetHints":{"allow":["GET"]}}],"collection":[{"href":"https:\/\/critecnow.com\/diariobeiras\/wp-json\/wp\/v2\/posts"}],"about":[{"href":"https:\/\/critecnow.com\/diariobeiras\/wp-json\/wp\/v2\/types\/post"}],"author":[{"embeddable":true,"href":"https:\/\/critecnow.com\/diariobeiras\/wp-json\/wp\/v2\/users\/10"}],"replies":[{"embeddable":true,"href":"https:\/\/critecnow.com\/diariobeiras\/wp-json\/wp\/v2\/comments?post=253748"}],"version-history":[{"count":0,"href":"https:\/\/critecnow.com\/diariobeiras\/wp-json\/wp\/v2\/posts\/253748\/revisions"}],"wp:featuredmedia":[{"embeddable":true,"href":"https:\/\/critecnow.com\/diariobeiras\/wp-json\/wp\/v2\/media\/253749"}],"wp:attachment":[{"href":"https:\/\/critecnow.com\/diariobeiras\/wp-json\/wp\/v2\/media?parent=253748"}],"wp:term":[{"taxonomy":"category","embeddable":true,"href":"https:\/\/critecnow.com\/diariobeiras\/wp-json\/wp\/v2\/categories?post=253748"},{"taxonomy":"post_tag","embeddable":true,"href":"https:\/\/critecnow.com\/diariobeiras\/wp-json\/wp\/v2\/tags?post=253748"}],"curies":[{"name":"wp","href":"https:\/\/api.w.org\/{rel}","templated":true}]}}