{"id":253844,"date":"2023-01-05T14:03:58","date_gmt":"2023-01-05T14:03:58","guid":{"rendered":"https:\/\/www.asbeiras.pt\/?p=253844"},"modified":"2023-01-05T14:03:58","modified_gmt":"2023-01-05T14:03:58","slug":"jorge-fernandes-confirma-recandidatura-a-federacao-de-judo-apos-destituicao","status":"publish","type":"post","link":"https:\/\/critecnow.com\/diariobeiras\/jorge-fernandes-confirma-recandidatura-a-federacao-de-judo-apos-destituicao\/","title":{"rendered":"Jorge Fernandes confirma recandidatura \u00e0 federa\u00e7\u00e3o de Judo ap\u00f3s destitui\u00e7\u00e3o"},"content":{"rendered":"<p><a href=\"https:\/\/www.asbeiras.pt\/wp-content\/uploads\/2022\/11\/16-JORGE-FERNANDES-PR-17.jpg\"><img loading=\"lazy\" decoding=\"async\" class=\"alignnone wp-image-250317 size-full\" src=\"https:\/\/www.asbeiras.pt\/wp-content\/uploads\/2022\/11\/16-JORGE-FERNANDES-PR-17.jpg\" alt=\"\" width=\"1200\" height=\"628\" \/><\/a><\/p>\n<p>O presidente destitu\u00eddo da Federa\u00e7\u00e3o Portuguesa de Judo (FPJ), Jorge Fernandes, confirmou hoje \u00e0 ag\u00eancia Lusa que se vai recandidatar ao cargo para \u201crepor a verdade\u201d e concluir o programa que foi interrompido com a sua destitui\u00e7\u00e3o.<\/p>\n<p class=\"text-paragraph\">\u201cPosso confirmar que a candidatura est\u00e1 em movimento. Recandidato-me para repor a verdade e porque n\u00e3o conclu\u00ed o mandato para que tinha sido eleito h\u00e1 dois anos, mas tamb\u00e9m por respeito aos meus apoiantes, aos delegados e ao judo\u201d, afirmou Jorge Fernandes.<\/p>\n<p class=\"text-paragraph\">O anterior presidente, eleito em 2017 e depois em 2020, foi destitu\u00eddo em 18 de dezembro do ano passado, ap\u00f3s inqu\u00e9rito do Instituto Portugu\u00eas do Desporto e Juventude (IPDJ), por incompatibilidades ao abrigo do artigo 51 do regime jur\u00eddico das Federa\u00e7\u00f5es Desportivas, mas j\u00e1 tinha admitido a possibilidade de se apresentar ao escrut\u00ednio de 19 de fevereiro.<\/p>\n<p class=\"text-paragraph\">Em causa, segundo o inqu\u00e9rito, est\u00e1 a contrata\u00e7\u00e3o em 2021 para a FPJ de Jorge Alberto Fernandes, filho do presidente destitu\u00eddo, e o facto de o ex-respons\u00e1vel m\u00e1ximo da federa\u00e7\u00e3o desempenhar fun\u00e7\u00f5es de treinador no Judo Clube de Coimbra, dois cen\u00e1rios incompat\u00edveis com as fun\u00e7\u00f5es que desempenhava.<\/p>\n<p class=\"text-paragraph\">\u201cN\u00e3o cometi nenhum crime. Cometi duas ilegalidades, segundo o IPDJ, mas que foram retificadas\u201d, disse Jorge Fernandes \u00e0 Lusa, mostrando-se confiante para nova reelei\u00e7\u00e3o: \u201cSe assim n\u00e3o fosse, n\u00e3o me recandidatava\u201d.<\/p>\n<p class=\"text-paragraph\">Por outro lado, Jorge Fernandes enalteceu o facto de haver outra candidatura \u00e0s pr\u00f3ximas elei\u00e7\u00f5es, nomeadamente de Jos\u00e9 M\u00e1rio Cachada, considerando que a mesma \u00e9 \u201cbem-vinda\u201d e que promove \u201cum debate de ideias\u201d, ao contr\u00e1rio do que sucedeu em 2020, quando o ex-presidente concorreu sozinho ao escrut\u00ednio.<\/p>\n<p class=\"text-paragraph\">Contudo, deixou um reparo: \u201cS\u00f3 tenho muita pena de que quem despoletou toda esta situa\u00e7\u00e3o n\u00e3o se apresente a votos e d\u00ea a cara [o inqu\u00e9rito que levaria \u00e0 destitui\u00e7\u00e3o de Jorge Fernandes foi aberto ap\u00f3s uma queixa apresentada pelo treinador e presidente da Associa\u00e7\u00e3o de Judo de Castelo Branco, Abel Louro]\u201d.<\/p>\n<p class=\"text-paragraph\">Confirmada a recandidatura, Jorge Fernandes referiu que vai \u201ccome\u00e7ar a trabalhar j\u00e1 hoje para que a candidatura avance\u201d, uma vez que as listas e os respetivos programas t\u00eam de ser entregues at\u00e9 30 de janeiro.<\/p>\n<p class=\"text-paragraph\">Al\u00e9m de Jorge Fernandes, na corrida \u00e0 presid\u00eancia da FPJ est\u00e1 tamb\u00e9m Jos\u00e9 M\u00e1rio Cachada, antigo praticante de judo, chefe de divis\u00e3o da educa\u00e7\u00e3o e cultura na C\u00e2mara Municipal de Espinho, e antigo campe\u00e3o nacional de juvenis da modalidade (1977 e 1978).<\/p>\n<p class=\"text-paragraph\">Em 2021, foi nomeado embaixador no Plano Nacional de \u00c9tica no Desporto, uma iniciativa dinamizada pelo Instituto Portugu\u00eas do Desporto e Juventude (IPDJ).<\/p>\n","protected":false},"excerpt":{"rendered":"<p>O presidente destitu\u00eddo da Federa\u00e7\u00e3o Portuguesa de Judo (FPJ), Jorge Fernandes, confirmou hoje \u00e0 ag\u00eancia Lusa que se vai recandidatar ao cargo para \u201crepor a verdade\u201d e concluir o programa que foi interrompido com a sua destitui\u00e7\u00e3o.<\/p>\n","protected":false},"author":2,"featured_media":250317,"comment_status":"open","ping_status":"open","sticky":false,"template":"","format":"standard","meta":{"_acf_changed":false,"footnotes":""},"categories":[4,31],"tags":[125,375,376],"class_list":["post-253844","post","type-post","status-publish","format-standard","has-post-thumbnail","hentry","category-desporto","category-geral","tag-federacao-portuguesa-de-judo","tag-jorge-fernandes","tag-recandidatura"],"acf":[],"_links":{"self":[{"href":"https:\/\/critecnow.com\/diariobeiras\/wp-json\/wp\/v2\/posts\/253844","targetHints":{"allow":["GET"]}}],"collection":[{"href":"https:\/\/critecnow.com\/diariobeiras\/wp-json\/wp\/v2\/posts"}],"about":[{"href":"https:\/\/critecnow.com\/diariobeiras\/wp-json\/wp\/v2\/types\/post"}],"author":[{"embeddable":true,"href":"https:\/\/critecnow.com\/diariobeiras\/wp-json\/wp\/v2\/users\/2"}],"replies":[{"embeddable":true,"href":"https:\/\/critecnow.com\/diariobeiras\/wp-json\/wp\/v2\/comments?post=253844"}],"version-history":[{"count":0,"href":"https:\/\/critecnow.com\/diariobeiras\/wp-json\/wp\/v2\/posts\/253844\/revisions"}],"wp:attachment":[{"href":"https:\/\/critecnow.com\/diariobeiras\/wp-json\/wp\/v2\/media?parent=253844"}],"wp:term":[{"taxonomy":"category","embeddable":true,"href":"https:\/\/critecnow.com\/diariobeiras\/wp-json\/wp\/v2\/categories?post=253844"},{"taxonomy":"post_tag","embeddable":true,"href":"https:\/\/critecnow.com\/diariobeiras\/wp-json\/wp\/v2\/tags?post=253844"}],"curies":[{"name":"wp","href":"https:\/\/api.w.org\/{rel}","templated":true}]}}