{"id":254277,"date":"2023-01-10T15:07:39","date_gmt":"2023-01-10T15:07:39","guid":{"rendered":"https:\/\/www.asbeiras.pt\/?p=254277"},"modified":"2023-01-10T15:07:39","modified_gmt":"2023-01-10T15:07:39","slug":"dois-projetos-de-coimbra-na-final-do-premio-junta-te-ao-gervasio","status":"publish","type":"post","link":"https:\/\/critecnow.com\/diariobeiras\/dois-projetos-de-coimbra-na-final-do-premio-junta-te-ao-gervasio\/","title":{"rendered":"Dois projetos de Coimbra na final do Pr\u00e9mio \u201cJunta-te ao Gerv\u00e1sio\u201d"},"content":{"rendered":"<div id=\"attachment_254278\" style=\"width: 1210px\" class=\"wp-caption alignnone\"><a href=\"https:\/\/www.asbeiras.pt\/wp-content\/uploads\/2023\/01\/18-PREMIO-GERVASIO-DR.jpg\"><img loading=\"lazy\" decoding=\"async\" aria-describedby=\"caption-attachment-254278\" class=\"wp-image-254278 size-full\" src=\"https:\/\/www.asbeiras.pt\/wp-content\/uploads\/2023\/01\/18-PREMIO-GERVASIO-DR.jpg\" alt=\"\" width=\"1200\" height=\"628\" srcset=\"https:\/\/critecnow.com\/diariobeiras\/wp-content\/uploads\/2023\/01\/18-PREMIO-GERVASIO-DR.jpg 1200w, https:\/\/critecnow.com\/diariobeiras\/wp-content\/uploads\/2023\/01\/18-PREMIO-GERVASIO-DR-300x157.jpg 300w, https:\/\/critecnow.com\/diariobeiras\/wp-content\/uploads\/2023\/01\/18-PREMIO-GERVASIO-DR-1024x536.jpg 1024w, https:\/\/critecnow.com\/diariobeiras\/wp-content\/uploads\/2023\/01\/18-PREMIO-GERVASIO-DR-768x402.jpg 768w, https:\/\/critecnow.com\/diariobeiras\/wp-content\/uploads\/2023\/01\/18-PREMIO-GERVASIO-DR-600x314.jpg 600w\" sizes=\"auto, (max-width: 1200px) 100vw, 1200px\" \/><\/a><p id=\"caption-attachment-254278\" class=\"wp-caption-text\">DR<\/p><\/div>\n<p>S\u00e3o dois os projetos desenvolvidos pelas comunidades de Coimbra que est\u00e3o entre os 45 finalistas da primeira edi\u00e7\u00e3o do Pr\u00e9mio \u201cJunta-te ao Gerv\u00e1sio\u201d.<br \/>\nO car\u00e1ter inovador, bem como o seu impacto econ\u00f3mico, social e ambiental, foram alguns dos crit\u00e9rios reconhecidos nas categorias a concurso, pelo ISCTE Executive Education, enquanto knowledge partner do pr\u00e9mio.<br \/>\nOs projetos desenvolvidos pela Uni\u00e3o das Freguesias de Eiras e S\u00e3o Paulo de Frades (\u201cNatal Reciclado\u201d) e pela Uni\u00e3o das Freguesias de Coimbra (\u201cPequenos Inventores \u2013 Transforma e Recria\u201d) integram o painel de 15 finalistas da categoria \u201cJuntas de Freguesia\u201d do concurso. Trata-se de iniciativas na \u00e1rea da reciclagem de embalagens e da economia circular que pretendem mostrar o que de melhor se faz dentro das comunidades locais e que poder\u00e3o servir de refer\u00eancia, enquanto aceleradores de imagina\u00e7\u00e3o \u00e0 replicabilidade noutros contextos comunit\u00e1rios.<br \/>\nSelecionados os 45 projetos que mais se destacaram a n\u00edvel nacional, cabe agora ao j\u00fari eleger os tr\u00eas grandes vencedores de cada categoria e anunciar quem ir\u00e1 receber as men\u00e7\u00f5es honrosas. Os resultados ser\u00e3o anunciados no dia 8 fevereiro. O \u201ctop 3\u201d das categorias \u201cEntidades de Proximidade\u201d e \u201cCidadania Social\u201d ser\u00e1 distinguido com pr\u00e9mios pecuni\u00e1rios que perfazem um total de 15.000 euros, destinados a novos projetos ou a dar continuidade aos projetos desenvolvidos neste \u00e2mbito e, ainda um conjunto de men\u00e7\u00f5es honrosas. J\u00e1 a Junta de Freguesia vencedora ser\u00e1 premiada com uma obra de arte in\u00e9dita em material reciclado, da autoria da artista Cristina Rodrigues, para instalar na localidade.<br \/>\nEsta primeira edi\u00e7\u00e3o contou com mais de 170 candidaturas de norte a sul do pa\u00eds, com um maior n\u00famero de participa\u00e7\u00f5es nos distritos de Lisboa, Porto, Set\u00fabal, Leiria e Braga.<br \/>\nO pr\u00e9mio \u201cJunta-te ao Gerv\u00e1sio\u201d \u00e9 promovido pela Sociedade Ponto Verde e conta com o apoio da Ag\u00eancia Portuguesa do Ambiente e ANAFRE &#8211; Associa\u00e7\u00e3o Nacional de Freguesias.<\/p>\n","protected":false},"excerpt":{"rendered":"<p>Projetos pretendem inspirar os portugueses a reciclar mais e melhor, em prol de um futuro mais verde e circular<\/p>\n","protected":false},"author":16,"featured_media":254278,"comment_status":"open","ping_status":"open","sticky":false,"template":"","format":"standard","meta":{"_acf_changed":false,"footnotes":""},"categories":[82,31],"tags":[40,683,684,685],"class_list":["post-254277","post","type-post","status-publish","format-standard","has-post-thumbnail","hentry","category-economia","category-geral","tag-coimbra","tag-finalistas","tag-premio-junta-te-ao-gervasio","tag-projetos"],"acf":[],"_links":{"self":[{"href":"https:\/\/critecnow.com\/diariobeiras\/wp-json\/wp\/v2\/posts\/254277","targetHints":{"allow":["GET"]}}],"collection":[{"href":"https:\/\/critecnow.com\/diariobeiras\/wp-json\/wp\/v2\/posts"}],"about":[{"href":"https:\/\/critecnow.com\/diariobeiras\/wp-json\/wp\/v2\/types\/post"}],"author":[{"embeddable":true,"href":"https:\/\/critecnow.com\/diariobeiras\/wp-json\/wp\/v2\/users\/16"}],"replies":[{"embeddable":true,"href":"https:\/\/critecnow.com\/diariobeiras\/wp-json\/wp\/v2\/comments?post=254277"}],"version-history":[{"count":0,"href":"https:\/\/critecnow.com\/diariobeiras\/wp-json\/wp\/v2\/posts\/254277\/revisions"}],"wp:featuredmedia":[{"embeddable":true,"href":"https:\/\/critecnow.com\/diariobeiras\/wp-json\/wp\/v2\/media\/254278"}],"wp:attachment":[{"href":"https:\/\/critecnow.com\/diariobeiras\/wp-json\/wp\/v2\/media?parent=254277"}],"wp:term":[{"taxonomy":"category","embeddable":true,"href":"https:\/\/critecnow.com\/diariobeiras\/wp-json\/wp\/v2\/categories?post=254277"},{"taxonomy":"post_tag","embeddable":true,"href":"https:\/\/critecnow.com\/diariobeiras\/wp-json\/wp\/v2\/tags?post=254277"}],"curies":[{"name":"wp","href":"https:\/\/api.w.org\/{rel}","templated":true}]}}