{"id":254373,"date":"2023-01-12T09:11:06","date_gmt":"2023-01-12T09:11:06","guid":{"rendered":"https:\/\/www.asbeiras.pt\/?p=254373"},"modified":"2023-01-12T09:11:06","modified_gmt":"2023-01-12T09:11:06","slug":"projeto-gota-promove-consumo-de-agua-da-rede-publica","status":"publish","type":"post","link":"https:\/\/critecnow.com\/diariobeiras\/projeto-gota-promove-consumo-de-agua-da-rede-publica\/","title":{"rendered":"Projeto \u201cGota\u201d promove consumo de \u00e1gua da rede p\u00fablica"},"content":{"rendered":"<div id=\"attachment_254374\" style=\"width: 1210px\" class=\"wp-caption alignnone\"><a href=\"https:\/\/www.asbeiras.pt\/wp-content\/uploads\/2023\/01\/04-Projeto-Gota-PR.jpg\"><img loading=\"lazy\" decoding=\"async\" aria-describedby=\"caption-attachment-254374\" class=\"wp-image-254374 size-full\" src=\"https:\/\/www.asbeiras.pt\/wp-content\/uploads\/2023\/01\/04-Projeto-Gota-PR.jpg\" alt=\"\" width=\"1200\" height=\"628\" srcset=\"https:\/\/critecnow.com\/diariobeiras\/wp-content\/uploads\/2023\/01\/04-Projeto-Gota-PR.jpg 1200w, https:\/\/critecnow.com\/diariobeiras\/wp-content\/uploads\/2023\/01\/04-Projeto-Gota-PR-300x157.jpg 300w, https:\/\/critecnow.com\/diariobeiras\/wp-content\/uploads\/2023\/01\/04-Projeto-Gota-PR-1024x536.jpg 1024w, https:\/\/critecnow.com\/diariobeiras\/wp-content\/uploads\/2023\/01\/04-Projeto-Gota-PR-768x402.jpg 768w, https:\/\/critecnow.com\/diariobeiras\/wp-content\/uploads\/2023\/01\/04-Projeto-Gota-PR-600x314.jpg 600w\" sizes=\"auto, (max-width: 1200px) 100vw, 1200px\" \/><\/a><p id=\"caption-attachment-254374\" class=\"wp-caption-text\">DB\/Foto de Pedro Ramos<\/p><\/div>\n<p>A Empresa Municipal \u00c1guas de Coimbra (AC) concebeu e instalou um bebedouro em forma de \u201cGota\u201d, com o objetivo de promover o consumo de \u00e1gua da rede p\u00fablica do concelho de Coimbra, mas tamb\u00e9m, em grande medida, beneficiar as escolas p\u00fablicas que mais necessitam deste tipo de equipamentos.<br \/>\nO primeiro prot\u00f3tipo foi ontem publicamente apresentado na Escola B\u00e1sica 2,3 In\u00eas de Castro, na presen\u00e7a do presidente da C\u00e2mara Municipal de Coimbra, Jos\u00e9 Manuel Silva, da vereadora com o pelouro da Educa\u00e7\u00e3o, Ana Cortez Vaz, e do presidente Conselho de Administra\u00e7\u00e3o da AC, Alfeu de S\u00e1 Marques.<br \/>\nA iniciativa foi desenvolvida por uma equipa da empresa municipal, que envolveu profissionais de engenharia e de arquitetura paisagista, em coordena\u00e7\u00e3o com a autarquia. A pe\u00e7a original foi desenhada pelo arquiteto Gon\u00e7alo Paix\u00e3o.<br \/>\nA inten\u00e7\u00e3o \u00e9 que esta \u201cGota\u201d possa abastecer, refor\u00e7ar ou substituir as escolas e os espa\u00e7os p\u00fablicos da cidade. A \u201cGota\u201d tem um \u201cdesign leve e flutuante que contrasta com a sua robustez, durabilidade e funcionalidade. Executada em bet\u00e3o armado a pe\u00e7a tem um esp\u00edrito aut\u00eantico e citadino\u201d, refere a mem\u00f3ria descritiva.<\/p>\n<h4>\u201cGotas\u201d ser\u00e3o instaladas em v\u00e1rios locais da cidade<\/h4>\n<p>O bebedouro foi idealizado para permitir encher garrafas, pelo que ser\u00e1 oferecida uma \u201c\u00e2nfora\u201d, a garrafa de \u00e1gua reutiliz\u00e1vel da AC, a cada aluno, docente e colaborador. Para al\u00e9m disso, as \u201cGotas\u201d que v\u00e3o ser instaladas noutros espa\u00e7os p\u00fablicos e ser\u00e3o adaptadas tamb\u00e9m para animais. O design desta pe\u00e7a j\u00e1 foi registado no Instituto Nacional da Propriedade Industrial.<br \/>\nNuma primeira fase, este projeto vai abranger cerca de 70% dos alunos de estabelecimentos de ensino que est\u00e3o sob a esfera municipal. Segundo Alfeu S\u00e1 Marques ser\u00e3o \u201cadjudicadas 30 \u201cGotas\u201d a serem colocadas nas escolas p\u00fablicas, sob al\u00e7ada da autarquia, e em v\u00e1rios espa\u00e7os da cidade\u201d.<\/p>\n<h4>Ser\u00e3o produzidas 30 gotas<\/h4>\n<p>Segundo a empresa municipal, \u201cesta a\u00e7\u00e3o tem, ainda, a dimens\u00e3o de educa\u00e7\u00e3o ambiental, uma vez que incentivar o consumo de \u00e1gua da torneira ou \u00e1gua da rede p\u00fablica \u00e9 promover h\u00e1bitos mais sustent\u00e1veis\u201d.<br \/>\nDurante a apresenta\u00e7\u00e3o, Alfeu S\u00e1 Marques e Jos\u00e9 Manuel Silva incentivaram os alunos a que bebam \u00e1gua da torneira e que, atrav\u00e9s da garrafa de \u00e1gua recicl\u00e1vel, se abaste\u00e7am nestes pontos da escola e alertaram, ainda, para que fosse preservada. \u201cEste \u00e9 um momento de grande satisfa\u00e7\u00e3o inaugurar simbolicamente uma obra de arte e a primeira de muitas Gotas\u201d, referiu o Jos\u00e9 Manuel Silva, presidente do Munic\u00edpio de Coimbra. \u201cLevar \u00e1gua de qualidade \u00e0s escolas do concelho \u00e9 uma das voca\u00e7\u00f5es da empresa municipal\u201d, disse.<br \/>\nRelativamente aos locais da cidade que iriam receber a \u201cGota\u201d, o autarca referiu que \u201cser\u00e3o colocados num s\u00edtio onde n\u00e3o incomodem e onde exista um grande fluxo de pessoas\u201d mas que isso ser\u00e1 estudado pelos t\u00e9cnicos da C\u00e2mara Municipal.<br \/>\nAlfeu S\u00e1 Marques, tamb\u00e9m presente na cerim\u00f3nia, agradeceu o apoio da autarquia e referiu que \u201ceste prot\u00f3tipo ser\u00e1 trocado pela pe\u00e7a final ap\u00f3s a constru\u00e7\u00e3o e a adjudica\u00e7\u00e3o para a constru\u00e7\u00e3o de 30 pe\u00e7as\u201d.<br \/>\nEsta \u201cGota\u201d tem o custo de produ\u00e7\u00e3o de cerca de mil euros por gota mas que ser\u00e1 ainda aperfei\u00e7oada at\u00e9 ser colocada nas escolas e nos espa\u00e7os p\u00fablicos.<\/p>\n","protected":false},"excerpt":{"rendered":"<p>A empresa municipal \u00c1guas de Coimbra e o Munic\u00edpio de Coimbra apresentaram, ontem, na Escola B\u00e1sica 2,3 In\u00eas de Castro, o projeto \u201cGota\u201d, que visa promover consumo de \u00e1gua da rede p\u00fablica<\/p>\n","protected":false},"author":3,"featured_media":254374,"comment_status":"open","ping_status":"open","sticky":false,"template":"","format":"standard","meta":{"_acf_changed":false,"footnotes":""},"categories":[39,31],"tags":[747,748,749,750],"class_list":["post-254373","post","type-post","status-publish","format-standard","has-post-thumbnail","hentry","category-coimbra-2","category-geral","tag-agua-da-rede-publica","tag-aguas-de-coimbra","tag-consumo","tag-projeto-gotas"],"acf":[],"_links":{"self":[{"href":"https:\/\/critecnow.com\/diariobeiras\/wp-json\/wp\/v2\/posts\/254373","targetHints":{"allow":["GET"]}}],"collection":[{"href":"https:\/\/critecnow.com\/diariobeiras\/wp-json\/wp\/v2\/posts"}],"about":[{"href":"https:\/\/critecnow.com\/diariobeiras\/wp-json\/wp\/v2\/types\/post"}],"author":[{"embeddable":true,"href":"https:\/\/critecnow.com\/diariobeiras\/wp-json\/wp\/v2\/users\/3"}],"replies":[{"embeddable":true,"href":"https:\/\/critecnow.com\/diariobeiras\/wp-json\/wp\/v2\/comments?post=254373"}],"version-history":[{"count":0,"href":"https:\/\/critecnow.com\/diariobeiras\/wp-json\/wp\/v2\/posts\/254373\/revisions"}],"wp:featuredmedia":[{"embeddable":true,"href":"https:\/\/critecnow.com\/diariobeiras\/wp-json\/wp\/v2\/media\/254374"}],"wp:attachment":[{"href":"https:\/\/critecnow.com\/diariobeiras\/wp-json\/wp\/v2\/media?parent=254373"}],"wp:term":[{"taxonomy":"category","embeddable":true,"href":"https:\/\/critecnow.com\/diariobeiras\/wp-json\/wp\/v2\/categories?post=254373"},{"taxonomy":"post_tag","embeddable":true,"href":"https:\/\/critecnow.com\/diariobeiras\/wp-json\/wp\/v2\/tags?post=254373"}],"curies":[{"name":"wp","href":"https:\/\/api.w.org\/{rel}","templated":true}]}}