{"id":254758,"date":"2023-01-16T15:29:44","date_gmt":"2023-01-16T15:29:44","guid":{"rendered":"https:\/\/www.asbeiras.pt\/?p=254758"},"modified":"2023-01-16T15:29:44","modified_gmt":"2023-01-16T15:29:44","slug":"governo-anuncia-em-breve-medidas-para-garantir-acesso-a-medicamentos-pizarro","status":"publish","type":"post","link":"https:\/\/critecnow.com\/diariobeiras\/governo-anuncia-em-breve-medidas-para-garantir-acesso-a-medicamentos-pizarro\/","title":{"rendered":"Governo anuncia em breve medidas para garantir acesso a medicamentos &#8211; Pizarro"},"content":{"rendered":"<div id=\"attachment_245636\" style=\"width: 1210px\" class=\"wp-caption alignnone\"><a href=\"https:\/\/www.asbeiras.pt\/wp-content\/uploads\/2022\/09\/manuel-pizarro-2.jpg\"><img loading=\"lazy\" decoding=\"async\" aria-describedby=\"caption-attachment-245636\" class=\"wp-image-245636 size-full\" src=\"https:\/\/www.asbeiras.pt\/wp-content\/uploads\/2022\/09\/manuel-pizarro-2.jpg\" alt=\"\" width=\"1200\" height=\"628\" \/><\/a><p id=\"caption-attachment-245636\" class=\"wp-caption-text\">Arquivo<\/p><\/div>\n<p class=\"text-paragraph\">O ministro da Sa\u00fade garantiu hoje, no Porto, que Portugal \u201cn\u00e3o tem sentido car\u00eancia de nenhum medicamento indispens\u00e1vel\u201d e avan\u00e7ou que vai anunciar \u201cnos pr\u00f3ximos dias\u201d medidas que permitam assegurar o acesso a medicamentos a todos os portugueses.<\/p>\n<p class=\"text-paragraph\">\u201cTemos vindo a tratar, com os diferentes agentes do setor, medidas que visam assegurar que os portugueses tenham acesso aos medicamentos de que necessitam para tratar as suas doen\u00e7as. Vamos anunciar nos pr\u00f3ximos dias medidas na \u00e1rea do medicamento\u201d, disse Manuel Pizarro.<\/p>\n<p class=\"text-paragraph\">O ministro da Sa\u00fade, que falava aos jornalistas no Porto, garantiu que n\u00e3o se tem sentido no pa\u00eds \u201ccar\u00eancia de nenhum medicamento indispens\u00e1vel\u201d, mas admitiu que \u201cexistem dificuldades um pouco por toda a Europa\u201d.<\/p>\n<p class=\"text-paragraph\">\u201c\u00c9 preciso dar essa mensagem de tranquilidade. Mas a verdade \u00e9 que dificuldades de abastecimento criam pelo menos inc\u00f3modo \u00e0s pessoas e aos profissionais e isso \u00e9 absolutamente indesej\u00e1vel. Temos de tomar medidas para que Portugal continue a ser um pa\u00eds com acesso claro aos medicamentos, procurando combater dificuldades que existem um pouco por toda a Europa. N\u00e3o s\u00e3o apenas dificuldades portuguesas\u201d, disse o governante.<\/p>\n<p class=\"text-paragraph\">J\u00e1 em resposta ao desafio lan\u00e7ado hoje pelo baston\u00e1rio dos farmac\u00eauticos, Helder Mota Filipe, de cria\u00e7\u00e3o de uma reserva de medicamentos, Pizarro considerou a sugest\u00e3o \u201cbem-vinda\u201d.<\/p>\n<p class=\"text-paragraph\">\u201cDentro das medidas que est\u00e3o a ser equacionadas, essa proposta do senhor baston\u00e1rio da Ordem dos Farmac\u00eauticos merece toda a nossa aten\u00e7\u00e3o\u201d, concluiu.<\/p>\n<p class=\"text-paragraph\">Em entrevista ao Di\u00e1rio de Not\u00edcias, Helder Mota Filipe defendeu que se deve &#8220;trabalhar urgentemente numa verdadeira, robusta e moderna estrat\u00e9gia de reserva de medicamentos&#8221;.<\/p>\n<p class=\"text-paragraph\">&#8220;Dever\u00edamos ter uma reserva que permitisse ao Estado recorrer a ela nestas situa\u00e7\u00f5es, exatamente para se diminuir o risco de um problema de sa\u00fade p\u00fablica&#8221;, disse o baston\u00e1rio.<\/p>\n<p class=\"text-paragraph\">Na mesma pe\u00e7a \u00e9 descrito que na \u00faltima semana, o Instituto Nacional da Farm\u00e1cia e do Medicamento (Infarmed) suspendeu a exporta\u00e7\u00e3o de 110 medicamentos, incluindo o antibi\u00f3tico amoxicilina, o anti-inflamat\u00f3rio ibuprofeno ou o paracetamol.<\/p>\n<p class=\"text-paragraph\">\u00c9 descrito que estes est\u00e3o a faltar nas farm\u00e1cias comunit\u00e1rias e, nalguns casos, as reposi\u00e7\u00f5es s\u00f3 est\u00e3o previstas para daqui a meses, situa\u00e7\u00e3o atribu\u00edda a problemas na produ\u00e7\u00e3o e na distribui\u00e7\u00e3o.<\/p>\n<p class=\"text-paragraph\">Ao DN, Helder Mota Filipe disse que &#8220;a situa\u00e7\u00e3o tem vindo a agravar-se e, muito provavelmente, vai agravar ainda mais, porque todas as causas que est\u00e3o na sua base se v\u00e3o manter&#8221;.<\/p>\n","protected":false},"excerpt":{"rendered":"<p>O ministro da Sa\u00fade garantiu hoje, no Porto, que Portugal \u201cn\u00e3o tem sentido car\u00eancia de nenhum medicamento indispens\u00e1vel\u201d e avan\u00e7ou que vai anunciar \u201cnos pr\u00f3ximos dias\u201d medidas que permitam assegurar o acesso a medicamentos a todos os portugueses.<\/p>\n","protected":false},"author":2,"featured_media":245636,"comment_status":"open","ping_status":"open","sticky":false,"template":"","format":"standard","meta":{"_acf_changed":false,"footnotes":""},"categories":[31,33],"tags":[412,108,205,980,981],"class_list":["post-254758","post","type-post","status-publish","format-standard","has-post-thumbnail","hentry","category-geral","category-nacional","tag-acesso","tag-governo","tag-manuel-pizarro","tag-medicamentos","tag-medidas"],"acf":[],"_links":{"self":[{"href":"https:\/\/critecnow.com\/diariobeiras\/wp-json\/wp\/v2\/posts\/254758","targetHints":{"allow":["GET"]}}],"collection":[{"href":"https:\/\/critecnow.com\/diariobeiras\/wp-json\/wp\/v2\/posts"}],"about":[{"href":"https:\/\/critecnow.com\/diariobeiras\/wp-json\/wp\/v2\/types\/post"}],"author":[{"embeddable":true,"href":"https:\/\/critecnow.com\/diariobeiras\/wp-json\/wp\/v2\/users\/2"}],"replies":[{"embeddable":true,"href":"https:\/\/critecnow.com\/diariobeiras\/wp-json\/wp\/v2\/comments?post=254758"}],"version-history":[{"count":0,"href":"https:\/\/critecnow.com\/diariobeiras\/wp-json\/wp\/v2\/posts\/254758\/revisions"}],"wp:attachment":[{"href":"https:\/\/critecnow.com\/diariobeiras\/wp-json\/wp\/v2\/media?parent=254758"}],"wp:term":[{"taxonomy":"category","embeddable":true,"href":"https:\/\/critecnow.com\/diariobeiras\/wp-json\/wp\/v2\/categories?post=254758"},{"taxonomy":"post_tag","embeddable":true,"href":"https:\/\/critecnow.com\/diariobeiras\/wp-json\/wp\/v2\/tags?post=254758"}],"curies":[{"name":"wp","href":"https:\/\/api.w.org\/{rel}","templated":true}]}}