{"id":255040,"date":"2023-01-19T10:18:35","date_gmt":"2023-01-19T10:18:35","guid":{"rendered":"https:\/\/www.asbeiras.pt\/?p=255040"},"modified":"2023-01-19T10:18:35","modified_gmt":"2023-01-19T10:18:35","slug":"dois-mirandenses-na-ilha-de-malta-a-procura-de-grandes-voos-no-futsal","status":"publish","type":"post","link":"https:\/\/critecnow.com\/diariobeiras\/dois-mirandenses-na-ilha-de-malta-a-procura-de-grandes-voos-no-futsal\/","title":{"rendered":"Dois mirandenses na ilha de Malta \u00e0 procura de grandes voos no futsal"},"content":{"rendered":"<div id=\"attachment_255053\" style=\"width: 310px\" class=\"wp-caption alignnone\"><a href=\"https:\/\/www.asbeiras.pt\/wp-content\/uploads\/2023\/01\/futsal.jpg\"><img loading=\"lazy\" decoding=\"async\" aria-describedby=\"caption-attachment-255053\" class=\"wp-image-255053 size-medium\" src=\"https:\/\/www.asbeiras.pt\/wp-content\/uploads\/2023\/01\/futsal-300x157.jpg\" alt=\"\" width=\"300\" height=\"157\" srcset=\"https:\/\/critecnow.com\/diariobeiras\/wp-content\/uploads\/2023\/01\/futsal-300x157.jpg 300w, https:\/\/critecnow.com\/diariobeiras\/wp-content\/uploads\/2023\/01\/futsal-1024x536.jpg 1024w, https:\/\/critecnow.com\/diariobeiras\/wp-content\/uploads\/2023\/01\/futsal-768x402.jpg 768w, https:\/\/critecnow.com\/diariobeiras\/wp-content\/uploads\/2023\/01\/futsal-600x314.jpg 600w, https:\/\/critecnow.com\/diariobeiras\/wp-content\/uploads\/2023\/01\/futsal.jpg 1200w\" sizes=\"auto, (max-width: 300px) 100vw, 300px\" \/><\/a><p id=\"caption-attachment-255053\" class=\"wp-caption-text\">Fotos de Joe Borg<\/p><\/div>\n<p>Z\u00e9 M\u00e1rio ( 23 anos) e David Almeida ( 22 anos) foram contratados este ano pelo Zurrieq Futsal, equipa que milita na 1.\u00aa Divis\u00e3o Nacional de futsal de Malta. Depois de realizarem bons jogos, os atletas, que sempre viveram em Miranda do Corvo, foram agenciados pela BF Sports Agency e a partir da\u00ed surgiram propostas. Os ex-jogadores do Barcou\u00e7o (AF Aveiro) e CP Miranda do Corvo (AF Coimbra), respetivamente, chegaram, viram, jogaram e j\u00e1 marcaram os primeiros golos<\/p>\n<p>Ler entrevista na edi\u00e7\u00e3o impressa e digital de hoje do DI\u00c1RIO AS BEIRAS<\/p>\n","protected":false},"excerpt":{"rendered":"<p>Z\u00e9 M\u00e1rio ( 23 anos) e David Almeida ( 22 anos) foram contratados este ano pelo Zurrieq Futsal, equipa que milita na 1.\u00aa Divis\u00e3o Nacional de futsal de Malta. Depois de realizarem bons jogos, os atletas, que sempre viveram em Miranda do Corvo, foram agenciados pela BF Sports Agency e a partir da\u00ed surgiram propostas. Os ex-jogadores do Barcou\u00e7o (AF Aveiro) e CP Miranda do Corvo (AF Coimbra), respetivamente, chegaram, viram, jogaram e j\u00e1 marcaram os primeiros golos<\/p>\n","protected":false},"author":14,"featured_media":255053,"comment_status":"open","ping_status":"open","sticky":false,"template":"","format":"standard","meta":{"_acf_changed":false,"footnotes":""},"categories":[4,31],"tags":[1151,97,1152,1153,1154],"class_list":["post-255040","post","type-post","status-publish","format-standard","has-post-thumbnail","hentry","category-desporto","category-geral","tag-david-almeida","tag-futsal","tag-malta","tag-mirandenses","tag-ze-miguel"],"acf":[],"_links":{"self":[{"href":"https:\/\/critecnow.com\/diariobeiras\/wp-json\/wp\/v2\/posts\/255040","targetHints":{"allow":["GET"]}}],"collection":[{"href":"https:\/\/critecnow.com\/diariobeiras\/wp-json\/wp\/v2\/posts"}],"about":[{"href":"https:\/\/critecnow.com\/diariobeiras\/wp-json\/wp\/v2\/types\/post"}],"author":[{"embeddable":true,"href":"https:\/\/critecnow.com\/diariobeiras\/wp-json\/wp\/v2\/users\/14"}],"replies":[{"embeddable":true,"href":"https:\/\/critecnow.com\/diariobeiras\/wp-json\/wp\/v2\/comments?post=255040"}],"version-history":[{"count":0,"href":"https:\/\/critecnow.com\/diariobeiras\/wp-json\/wp\/v2\/posts\/255040\/revisions"}],"wp:featuredmedia":[{"embeddable":true,"href":"https:\/\/critecnow.com\/diariobeiras\/wp-json\/wp\/v2\/media\/255053"}],"wp:attachment":[{"href":"https:\/\/critecnow.com\/diariobeiras\/wp-json\/wp\/v2\/media?parent=255040"}],"wp:term":[{"taxonomy":"category","embeddable":true,"href":"https:\/\/critecnow.com\/diariobeiras\/wp-json\/wp\/v2\/categories?post=255040"},{"taxonomy":"post_tag","embeddable":true,"href":"https:\/\/critecnow.com\/diariobeiras\/wp-json\/wp\/v2\/tags?post=255040"}],"curies":[{"name":"wp","href":"https:\/\/api.w.org\/{rel}","templated":true}]}}