{"id":255139,"date":"2023-01-20T18:29:57","date_gmt":"2023-01-20T18:29:57","guid":{"rendered":"https:\/\/www.asbeiras.pt\/?p=255139"},"modified":"2023-01-20T18:29:57","modified_gmt":"2023-01-20T18:29:57","slug":"opiniao-a-escola-determinara-o-nosso-futuro","status":"publish","type":"post","link":"https:\/\/critecnow.com\/diariobeiras\/opiniao-a-escola-determinara-o-nosso-futuro\/","title":{"rendered":"Opini\u00e3o: A escola determinar\u00e1 o nosso futuro"},"content":{"rendered":"<p><a href=\"https:\/\/www.asbeiras.pt\/wp-content\/uploads\/2022\/10\/LUIS-SANTARINO-opi-1.jpg\"><img loading=\"lazy\" decoding=\"async\" class=\"alignnone size-full wp-image-248925\" src=\"https:\/\/www.asbeiras.pt\/wp-content\/uploads\/2022\/10\/LUIS-SANTARINO-opi-1.jpg\" alt=\"\" width=\"1200\" height=\"628\"\/><\/a><\/p>\n<p>H\u00e1 uma pergunta que deve ser feita sobre a quest\u00e3o da greve dos Professores; aquando da \u201cgeringon\u00e7a\u201d n\u00e3o existiam os mesmos problemas de agora? Claro que haviam.<br \/>\nQuem est\u00e1 atento ao fen\u00f3meno da educa\u00e7\u00e3o em Portugal, n\u00e3o pode deixar de se indignar com o oportunismo dos sindicatos.<br \/>\nOs problemas do ensino \u2013 e da educa\u00e7\u00e3o \u2013 em Portugal n\u00e3o s\u00e3o de agora. T\u00eam d\u00e9cadas, n\u00e3o apenas poucos anos.<br \/>\nA luta dos Professores \u00e9 uma luta just\u00edssima. Todos sab\u00edamos, sindicatos melhor do que ningu\u00e9m, o sofrimento de muitas fam\u00edlias separadas por centenas de quil\u00f3metros. Todos sab\u00edamos a total e absurda injusti\u00e7a da n\u00e3o progress\u00e3o na carreira. Todos nos indign\u00e1vamos pelo facto de ano ap\u00f3s ano de trabalho e dedica\u00e7\u00e3o \u00e0 Escola, n\u00e3o pertencerem aos quadros. Todos pens\u00e1vamos que a disciplina na sala de aula era da responsabilidade do Professor, mas, tamb\u00e9m sabemos que, quando a exercem, est\u00e3o sujeitos a que alguns energ\u00famenos os agridam. Todos percebemos que um dos cancros da sociedade portuguesa \u00e9 a burocracia, atendendo que os Professores, al\u00e9m de terem a obriga\u00e7\u00e3o de preparar as aulas e ensinar, ainda t\u00eam de preencher uma \u201cpapelada\u201d manhosa em nome de n\u00e3o se sabe bem de qu\u00ea.<br \/>\nTantos e tantos problemas esquecidos na gaveta dos sindicatos durante d\u00e9cadas, por serem os sindicatos do regime.<br \/>\nE agora, quando estoiram as greves, acorrem aos magotes em defesa da escola p\u00fablica, n\u00e3o percebendo, ainda, o enorme preju\u00edzo que lhe poder\u00e3o estar a provocar.<br \/>\nVamos ver se desta vez, haver\u00e1 uma reforma clara da Escola como Institui\u00e7\u00e3o do ensino e do saber, em que todas as disciplinas interagem entre si atendendo \u00e0s necessidades dos alunos.<br \/>\nA Escola tem de passar a ser uma Institui\u00e7\u00e3o una que trabalha para o mesmo fim. N\u00e3o pode continuar a ser apenas um espa\u00e7o onde convergem os intervenientes cada um com a sua responsabilidade.<br \/>\nOs Professores ser\u00e3o sempre os verdadeiros actores da mudan\u00e7a. Sem eles, sem a sua interven\u00e7\u00e3o \u2013 deixemos os sindicatos \u00e0 sua express\u00e3o e interven\u00e7\u00e3o a espa\u00e7os, mais simples \u2013 a Escola n\u00e3o muda, a Escola murcha, a Escola ficar\u00e1 \u00e0 merc\u00ea de gente sem escr\u00fapulos.<br \/>\nOs sucessivos governos e n\u00e3o s\u00f3 o actual, trataram os Professores apenas \u201ccomo mais algu\u00e9m na sociedade portuguesa\u201d! N\u00e3o perceberam que s\u00e3o determinantes na evolu\u00e7\u00e3o de Portugal na forma\u00e7\u00e3o das gera\u00e7\u00f5es futuras.<br \/>\nO mal que fizeram at\u00e9 agora s\u00f3 ir\u00e1 reflectir daqui por uma ou duas d\u00e9cadas. Mas, para obviar a que isso aconte\u00e7a, \u00e9 absolutamente decisivo que aos agentes do ensino, Governo inclu\u00eddo e decisivo, encontrem os meios, agora, para n\u00e3o nos arrependermos, depois!<br \/>\nGostaria de citar um dos nossos maiores historiadores, Vitorino Magalh\u00e3es Godinho, que escreveu:<br \/>\n\u201cAinda n\u00e3o solidamente preparado, \u00e9 bem de ver, entendi, tamb\u00e9m op\u00e7\u00e3o did\u00e1ctica, transformar as aulas em sess\u00e3o de trabalho: pesquisa de fontes e sua an\u00e1lise, e a partir da\u00ed, e em converg\u00eancia com a forma\u00e7\u00e3o te\u00f3rica em ci\u00eancias humanas, tentames de constru\u00e7\u00e3o explicativa; em colabora\u00e7\u00e3o activa com os alunos, claro. A excel\u00eancia dos resultados\u2026\u201d<br \/>\n\u201cE porque a Escola n\u00e3o p\u00e1ra, o que implica n\u00e3o nos confinarmos ao tempo de agora, mas sim alargarmos os nossos horizontes \u00e0 multiplicidade dos tempos e dos espa\u00e7os. A Hist\u00f3ria \u00e9 que nos pode dar a ferramenta para compreender os problemas do nosso tempo, por si e pela historiciza\u00e7\u00e3o indispens\u00e1vel das ci\u00eancias humanas\u201d.<br \/>\nAproveitem\u2026aproveitemos!<\/p>\n","protected":false},"excerpt":{"rendered":"<p>Lu\u00eds Santarino, Consultor\/formador<\/p>\n","protected":false},"author":8,"featured_media":248925,"comment_status":"open","ping_status":"open","sticky":false,"template":"","format":"standard","meta":{"_acf_changed":false,"footnotes":""},"categories":[31,5],"tags":[453,100],"class_list":["post-255139","post","type-post","status-publish","format-standard","has-post-thumbnail","hentry","category-geral","category-opiniao","tag-luis-santarino","tag-opiniao"],"acf":[],"_links":{"self":[{"href":"https:\/\/critecnow.com\/diariobeiras\/wp-json\/wp\/v2\/posts\/255139","targetHints":{"allow":["GET"]}}],"collection":[{"href":"https:\/\/critecnow.com\/diariobeiras\/wp-json\/wp\/v2\/posts"}],"about":[{"href":"https:\/\/critecnow.com\/diariobeiras\/wp-json\/wp\/v2\/types\/post"}],"author":[{"embeddable":true,"href":"https:\/\/critecnow.com\/diariobeiras\/wp-json\/wp\/v2\/users\/8"}],"replies":[{"embeddable":true,"href":"https:\/\/critecnow.com\/diariobeiras\/wp-json\/wp\/v2\/comments?post=255139"}],"version-history":[{"count":0,"href":"https:\/\/critecnow.com\/diariobeiras\/wp-json\/wp\/v2\/posts\/255139\/revisions"}],"wp:attachment":[{"href":"https:\/\/critecnow.com\/diariobeiras\/wp-json\/wp\/v2\/media?parent=255139"}],"wp:term":[{"taxonomy":"category","embeddable":true,"href":"https:\/\/critecnow.com\/diariobeiras\/wp-json\/wp\/v2\/categories?post=255139"},{"taxonomy":"post_tag","embeddable":true,"href":"https:\/\/critecnow.com\/diariobeiras\/wp-json\/wp\/v2\/tags?post=255139"}],"curies":[{"name":"wp","href":"https:\/\/api.w.org\/{rel}","templated":true}]}}