{"id":255341,"date":"2023-01-23T14:49:35","date_gmt":"2023-01-23T14:49:35","guid":{"rendered":"https:\/\/www.asbeiras.pt\/?p=255341"},"modified":"2023-01-23T14:49:35","modified_gmt":"2023-01-23T14:49:35","slug":"judoca-catarina-costa-defende-ouro-no-grand-prix-de-portugal","status":"publish","type":"post","link":"https:\/\/critecnow.com\/diariobeiras\/judoca-catarina-costa-defende-ouro-no-grand-prix-de-portugal\/","title":{"rendered":"Judoca Catarina Costa &#8216;defende&#8217; ouro no Grand Prix de Portugal"},"content":{"rendered":"<p><a href=\"https:\/\/www.asbeiras.pt\/wp-content\/uploads\/2022\/10\/Catarina-Costa-final.jpg\"><img loading=\"lazy\" decoding=\"async\" class=\"alignnone wp-image-247327 size-full\" src=\"https:\/\/www.asbeiras.pt\/wp-content\/uploads\/2022\/10\/Catarina-Costa-final.jpg\" alt=\"\" width=\"1200\" height=\"628\" \/><\/a><\/p>\n<p>A judoca Catarina Costa, vice-campe\u00e3 europeia de -48 kg, defende no Grand Prix de Portugal a medalha de ouro conquistada no \u00faltimo ano na competi\u00e7\u00e3o, na qual Jorge Fonseca e Telma Monteiro s\u00e3o baixas de vulto.<\/p>\n<p class=\"text-paragraph\">O bicampe\u00e3o mundial de 2019 e 2021 em -100 kg, que tamb\u00e9m conquistou em 2022 o ouro na primeira edi\u00e7\u00e3o do Grand Prix em solo luso, e a judoca do Benfica ainda recuperam de les\u00f5es, que j\u00e1 os fizeram falhar, em dezembro, o Masters da modalidade.<\/p>\n<p class=\"text-paragraph\">A competi\u00e7\u00e3o no Complexo Municipal dos Desportos da Cidade de Almada, a realizar entre sexta-feira e domingo, marca o arranque do circuito internacional deste ano e conta com 37 judocas lusos inscritos, 20 em masculinos e 17 em femininos.<\/p>\n<p class=\"text-paragraph\">Com Jorge Fonseca e Telma Monteiro de fora, destacam-se Catarina Costa (-48 kg), B\u00e1rbara Timo (-63 kg), Patr\u00edcia Sampaio (-78 kg), Rochele Nunes (+78 kg) e Anri Egutidze (-81 kg), al\u00e9m de Rodrigo Lopes (-60 kg) e Joana Diogo (-52 kg), todos do projeto ol\u00edmpico.<\/p>\n<p class=\"text-paragraph\">Deste grupo, a sele\u00e7\u00e3o lusa ter\u00e1 Catarina Costa (primeira), Joana Diogo (sexta), que foi bronze em 2022, B\u00e1rbara Timo (terceira), Patr\u00edcia Sampaio (sexta) e Rochele Nunes (segunda) como cabe\u00e7as de s\u00e9rie nas respetivas categorias.<\/p>\n<p class=\"text-paragraph\">J\u00e1 em masculinos, Rodrigo Lopes \u00e9 o mais bem cotado, como 12.\u00ba inscrito e 31.\u00ba do ranking mundial em -60 kg, enquanto Anri Egutidze vai, desta vez, regressar aos -81 kg, categoria em que competiu at\u00e9 aos Jogos Ol\u00edmpicos de T\u00f3quio, optando depois por subir a -90 kg.<\/p>\n<p class=\"text-paragraph\">O judoca do Benfica optou, em concord\u00e2ncia com os treinadores, em voltar \u00e0 categoria inferior de peso, e ser\u00e1 nela, num momento em que \u00e9 56.\u00ba do ranking mundial, que far\u00e1 o que falta do apuramento para os Jogos Ol\u00edmpicos de Paris2024.<\/p>\n<p class=\"text-paragraph\">Em Almada, destaca-se ainda o regresso aos palcos internacionais de C\u00e9lio Dias, que esteve nos Jogos Ol\u00edmpicos do Rio de Janeiro em 2016, em -90 kg, mas atravessou uma fase dif\u00edcil na vida, com um diagn\u00f3stico de depress\u00e3o e esquizofrenia, regressando recentemente ao judo.<\/p>\n<p class=\"text-paragraph\">Em dezembro, o judoca sagrou-se j\u00e1 campe\u00e3o nacional em -100 kg, categoria em que competir\u00e1 neste Grand Prix.<\/p>\n<p class=\"text-paragraph\">Com 579 inscritos, mas sem uma \u2018grossa fatia\u2019 de judocas de top-10 mundial, tendo em conta que a competi\u00e7\u00e3o antecede em uma semana um conceituado Grand Slam de Paris, op\u00e7\u00e3o principal dos atletas, Almada \u00e9 uma oportunidade para algumas segundas linhas na corrida aos pontos no apuramento ol\u00edmpico.<\/p>\n<p class=\"text-paragraph\">Das 14 categorias, a brit\u00e2nica Chelsie Giles (-52 kg) e o georgiano \u00cdlia Sulamanidze (-100 kg) s\u00e3o os \u00fanicos l\u00edderes mundiais a estarem em competi\u00e7\u00e3o, que espera tamb\u00e9m a campe\u00e3 mundial Rafaela Silva (-57 kg) e o campe\u00e3o ol\u00edmpico de +100 kg Lukas Krpalek, mas inscrito em -100 kg.<\/p>\n","protected":false},"excerpt":{"rendered":"<p>A judoca Catarina Costa, vice-campe\u00e3 europeia de -48 kg, defende no Grand Prix de Portugal a medalha de ouro conquistada no \u00faltimo ano na competi\u00e7\u00e3o, na qual Jorge Fonseca e Telma Monteiro s\u00e3o baixas de vulto.<\/p>\n","protected":false},"author":2,"featured_media":247327,"comment_status":"open","ping_status":"open","sticky":false,"template":"","format":"standard","meta":{"_acf_changed":false,"footnotes":""},"categories":[4,31],"tags":[78,1320,79,469],"class_list":["post-255341","post","type-post","status-publish","format-standard","has-post-thumbnail","hentry","category-desporto","category-geral","tag-catarina-costa","tag-grand-prix","tag-judo","tag-portugal"],"acf":[],"_links":{"self":[{"href":"https:\/\/critecnow.com\/diariobeiras\/wp-json\/wp\/v2\/posts\/255341","targetHints":{"allow":["GET"]}}],"collection":[{"href":"https:\/\/critecnow.com\/diariobeiras\/wp-json\/wp\/v2\/posts"}],"about":[{"href":"https:\/\/critecnow.com\/diariobeiras\/wp-json\/wp\/v2\/types\/post"}],"author":[{"embeddable":true,"href":"https:\/\/critecnow.com\/diariobeiras\/wp-json\/wp\/v2\/users\/2"}],"replies":[{"embeddable":true,"href":"https:\/\/critecnow.com\/diariobeiras\/wp-json\/wp\/v2\/comments?post=255341"}],"version-history":[{"count":0,"href":"https:\/\/critecnow.com\/diariobeiras\/wp-json\/wp\/v2\/posts\/255341\/revisions"}],"wp:attachment":[{"href":"https:\/\/critecnow.com\/diariobeiras\/wp-json\/wp\/v2\/media?parent=255341"}],"wp:term":[{"taxonomy":"category","embeddable":true,"href":"https:\/\/critecnow.com\/diariobeiras\/wp-json\/wp\/v2\/categories?post=255341"},{"taxonomy":"post_tag","embeddable":true,"href":"https:\/\/critecnow.com\/diariobeiras\/wp-json\/wp\/v2\/tags?post=255341"}],"curies":[{"name":"wp","href":"https:\/\/api.w.org\/{rel}","templated":true}]}}