{"id":255537,"date":"2023-01-26T09:40:46","date_gmt":"2023-01-26T09:40:46","guid":{"rendered":"https:\/\/www.asbeiras.pt\/?p=255537"},"modified":"2023-01-26T09:40:46","modified_gmt":"2023-01-26T09:40:46","slug":"politicas-publicas-sao-travao-ao-combate-as-alteracoes-climaticas","status":"publish","type":"post","link":"https:\/\/critecnow.com\/diariobeiras\/politicas-publicas-sao-travao-ao-combate-as-alteracoes-climaticas\/","title":{"rendered":"Pol\u00edticas p\u00fablicas  s\u00e3o trav\u00e3o ao combate \u00e0s altera\u00e7\u00f5es clim\u00e1ticas"},"content":{"rendered":"<div id=\"attachment_255538\" style=\"width: 1210px\" class=\"wp-caption alignnone\"><a href=\"https:\/\/www.asbeiras.pt\/wp-content\/uploads\/2023\/01\/10-Acao-climatizacao-FEUC-ACF.jpg\"><img loading=\"lazy\" decoding=\"async\" aria-describedby=\"caption-attachment-255538\" class=\"wp-image-255538 size-full\" src=\"https:\/\/www.asbeiras.pt\/wp-content\/uploads\/2023\/01\/10-Acao-climatizacao-FEUC-ACF.jpg\" alt=\"\" width=\"1200\" height=\"628\" srcset=\"https:\/\/critecnow.com\/diariobeiras\/wp-content\/uploads\/2023\/01\/10-Acao-climatizacao-FEUC-ACF.jpg 1200w, https:\/\/critecnow.com\/diariobeiras\/wp-content\/uploads\/2023\/01\/10-Acao-climatizacao-FEUC-ACF-300x157.jpg 300w, https:\/\/critecnow.com\/diariobeiras\/wp-content\/uploads\/2023\/01\/10-Acao-climatizacao-FEUC-ACF-1024x536.jpg 1024w, https:\/\/critecnow.com\/diariobeiras\/wp-content\/uploads\/2023\/01\/10-Acao-climatizacao-FEUC-ACF-768x402.jpg 768w, https:\/\/critecnow.com\/diariobeiras\/wp-content\/uploads\/2023\/01\/10-Acao-climatizacao-FEUC-ACF-600x314.jpg 600w\" sizes=\"auto, (max-width: 1200px) 100vw, 1200px\" \/><\/a><p id=\"caption-attachment-255538\" class=\"wp-caption-text\">DB\/Foto de Ana Catarina Ferreira<\/p><\/div>\n<p>As pol\u00edticas p\u00fablicas nacionais e europeias foram ontem criticadas num debate sobre altera\u00e7\u00f5es clim\u00e1ticas e sustentabilidade na Faculdade de Economia da Universidade de Coimbra (FEUC), no \u00e2mbito das comemora\u00e7\u00f5es dos seus 50 anos.<br \/>\nLu\u00edsa Schmidt, soci\u00f3loga do ambiente, aproveitou o debate para real\u00e7ar a falta de pol\u00edticas p\u00fablicas em Portugal que incentivem o consumo de energias renov\u00e1veis.<br \/>\n\u201cPortugal \u00e9 dos pa\u00edses com menos metros quadrados de pain\u00e9is de energia solar na Europa, sendo o pa\u00eds com mais horas de exposi\u00e7\u00e3o solar. \u00c9 contradit\u00f3rio e s\u00f3 um exemplo de pouco investimento nas energias renov\u00e1veis\u201d, disse.<br \/>\nPaula Lopes, professora da FEUC, frisou, na mesma \u00f3tica, que \u00e9 \u201cinacredit\u00e1vel\u201d como \u00e9 que a maioria dos edif\u00edcios p\u00fablicos em Portugal n\u00e3o aproveita a energia renov\u00e1vel ou a energia h\u00eddrica.<br \/>\nA docente da FEUC vincou ainda a falta de incentivos fiscais para a popula\u00e7\u00e3o poder apostar nas energias renov\u00e1veis em Portugal.<br \/>\n\u201cHoje em dia \u00e9 desmotivador, devido \u00e0 burocracia e aos poucos incentivos fiscais, colocarmos energias renov\u00e1veis nas nossas casas. A energia solar ainda vamos conseguindo aproveitar, mas se for a h\u00eddrica \u00e9 praticamente imposs\u00edvel\u201d, esclareceu.<\/p>\n<h4>Mobilidade com m\u00e1s pol\u00edticas<\/h4>\n<p>J\u00e1 Eduardo Baptista, outro docente da FEUC, preferiu refor\u00e7ar as m\u00e1s pol\u00edticas de mobilidade que existem.<br \/>\n\u201cSe olharmos para Portugal, um quarto da popula\u00e7\u00e3o utiliza diariamente o seu pr\u00f3prio ve\u00edculo. Apesar de os ve\u00edculos gastarem substancialmente menos que gastavam na d\u00e9cada de 1990, a polui\u00e7\u00e3o vinda dos transportes aumentou 30%\u201d, salientou.<br \/>\nPara Eduardo Baptista, \u00e9 fulcral que as pol\u00edticas consigam dar a possibilidade de as pessoas poderem andar de transportes p\u00fablicos.<br \/>\n\u201cEm Portugal s\u00f3 12% da popula\u00e7\u00e3o \u00e9 que anda de transportes p\u00fablicos, \u00e9 a percentagem mais baixa da Europa. Temos que dar condi\u00e7\u00f5es para que estas din\u00e2micas se alterem\u201d, afirmou.<\/p>\n","protected":false},"excerpt":{"rendered":"<p>As pol\u00edticas p\u00fablicas nacionais e europeias foram ontem criticadas num debate sobre altera\u00e7\u00f5es clim\u00e1ticas e sustentabilidade na Faculdade de Economia da Universidade de Coimbra (FEUC), no \u00e2mbito das comemora\u00e7\u00f5es dos seus 50 anos.<\/p>\n","protected":false},"author":9,"featured_media":255538,"comment_status":"open","ping_status":"open","sticky":false,"template":"","format":"standard","meta":{"_acf_changed":false,"footnotes":""},"categories":[39,31],"tags":[1419,1100,1420,1421,1422],"class_list":["post-255537","post","type-post","status-publish","format-standard","has-post-thumbnail","hentry","category-coimbra-2","category-geral","tag-acao","tag-alteracoes-climaticas","tag-debate","tag-feuc","tag-sustentabilidade"],"acf":[],"_links":{"self":[{"href":"https:\/\/critecnow.com\/diariobeiras\/wp-json\/wp\/v2\/posts\/255537","targetHints":{"allow":["GET"]}}],"collection":[{"href":"https:\/\/critecnow.com\/diariobeiras\/wp-json\/wp\/v2\/posts"}],"about":[{"href":"https:\/\/critecnow.com\/diariobeiras\/wp-json\/wp\/v2\/types\/post"}],"author":[{"embeddable":true,"href":"https:\/\/critecnow.com\/diariobeiras\/wp-json\/wp\/v2\/users\/9"}],"replies":[{"embeddable":true,"href":"https:\/\/critecnow.com\/diariobeiras\/wp-json\/wp\/v2\/comments?post=255537"}],"version-history":[{"count":0,"href":"https:\/\/critecnow.com\/diariobeiras\/wp-json\/wp\/v2\/posts\/255537\/revisions"}],"wp:featuredmedia":[{"embeddable":true,"href":"https:\/\/critecnow.com\/diariobeiras\/wp-json\/wp\/v2\/media\/255538"}],"wp:attachment":[{"href":"https:\/\/critecnow.com\/diariobeiras\/wp-json\/wp\/v2\/media?parent=255537"}],"wp:term":[{"taxonomy":"category","embeddable":true,"href":"https:\/\/critecnow.com\/diariobeiras\/wp-json\/wp\/v2\/categories?post=255537"},{"taxonomy":"post_tag","embeddable":true,"href":"https:\/\/critecnow.com\/diariobeiras\/wp-json\/wp\/v2\/tags?post=255537"}],"curies":[{"name":"wp","href":"https:\/\/api.w.org\/{rel}","templated":true}]}}