{"id":255846,"date":"2023-01-30T13:53:41","date_gmt":"2023-01-30T13:53:41","guid":{"rendered":"https:\/\/www.asbeiras.pt\/?p=255846"},"modified":"2023-01-30T13:53:41","modified_gmt":"2023-01-30T13:53:41","slug":"fenprof-garante-que-nao-abdica-de-linhas-vermelhas-estipuladas-pelos-professores","status":"publish","type":"post","link":"https:\/\/critecnow.com\/diariobeiras\/fenprof-garante-que-nao-abdica-de-linhas-vermelhas-estipuladas-pelos-professores\/","title":{"rendered":"Fenprof garante que n\u00e3o abdica de linhas vermelhas estipuladas pelos professores"},"content":{"rendered":"<div id=\"attachment_201697\" style=\"width: 1191px\" class=\"wp-caption alignnone\"><a href=\"https:\/\/www.asbeiras.pt\/wp-content\/uploads\/2020\/10\/mario-nogueira.jpg\"><img loading=\"lazy\" decoding=\"async\" aria-describedby=\"caption-attachment-201697\" class=\"wp-image-201697 size-full\" src=\"https:\/\/www.asbeiras.pt\/wp-content\/uploads\/2020\/10\/mario-nogueira.jpg\" alt=\"\" width=\"1181\" height=\"618\" \/><\/a><p id=\"caption-attachment-201697\" class=\"wp-caption-text\">FOTO DR<\/p><\/div>\n<p class=\"text-paragraph\">O secret\u00e1rio-geral da Fenprof disse hoje em Leiria que h\u00e1 linhas vermelhas de que a federa\u00e7\u00e3o sindical n\u00e3o ir\u00e1 abdicar na negocia\u00e7\u00e3o com o Governo na quinta-feira, estando agendado um encontro entre sindicatos para definirem uma posi\u00e7\u00e3o.<\/p>\n<p class=\"text-paragraph\">M\u00e1rio Nogueira acompanhou hoje a manifesta\u00e7\u00e3o distrital marcada pela Federa\u00e7\u00e3o Nacional dos Professores (Fenprof) para Leiria, onde enumerou v\u00e1rias \u2018linhas vermelhas\u2019, que considera serem inultrapass\u00e1veis para os professores.<\/p>\n<p class=\"text-paragraph\">\u201cPosso enumerar tr\u00eas: Haver vincula\u00e7\u00e3o de professores em que os mais graduados, com 15 e 20 anos de servi\u00e7o, ficam de fora e outros colegas, com quatro ou cinco anos, possam vincular. Estes devem vincular, mas os outros tamb\u00e9m. Professores efetivos dos quadros das escolas que passem a ser professores de QZP [Quadro de Zona Pedag\u00f3gica], podendo os diretores decidir a sua coloca\u00e7\u00e3o em outras escolas. Continuar a n\u00e3o querer contar o tempo de servi\u00e7o dos professores\u201d, destacou.<\/p>\n<p class=\"text-paragraph\">M\u00e1rio Nogueira apontou ainda reivindica\u00e7\u00f5es que est\u00e3o \u201cnum vermelho t\u00e3o escuro que ningu\u00e9m poder\u00e1 por o p\u00e9\u201d, como \u201ccontinuar a impedir a progress\u00e3o com vagas e a aplicar quotas na avalia\u00e7\u00e3o, mobilidade por doen\u00e7a, t\u00e9cnicos especializados\u201d.<\/p>\n<p class=\"text-paragraph\">Na quinta-feira haver\u00e1 nova ronda negocial entre os sindicatos e o Minist\u00e9rio da Educa\u00e7\u00e3o. O secret\u00e1rio-geral da Fenprof congratula-se por o encontro ser com \u201cuma mesa negocial \u00fanica\u201d com os principais sindicatos presentes.<\/p>\n<p class=\"text-paragraph\">\u201cPensamos que isso d\u00e1 mais for\u00e7a \u00e0s organiza\u00e7\u00f5es. Poderemos ir falar a uma s\u00f3 voz. Se for s\u00f3 uma mesa, e n\u00e3o quatro como at\u00e9 aqui, ganham os professores. Fizemos muita quest\u00e3o que assim fosse e finalmente a partir de agora, dia 02, assim vai ser\u201d, afirmou.<\/p>\n<p class=\"text-paragraph\">Nesta ronda negocial, M\u00e1rio Nogueira espera que o \u201cGoverno deixe de n\u00e3o querer ouvir esta press\u00e3o dos professores\u201d.<\/p>\n<p class=\"text-paragraph\">\u201cSe o Governo souber ouvir estou completamente certo que ter\u00e1 de alterar algumas posi\u00e7\u00f5es e de perceber que os professores do continente n\u00e3o s\u00e3o diferentes dos professores da Madeira e dos A\u00e7ores, que est\u00e3o, e bem, a contar o seu tempo e n\u00e3o t\u00eam vagas nem quotas\u201d, refor\u00e7ou.<\/p>\n<p class=\"text-paragraph\">M\u00e1rio Nogueira revelou que depois de ter na sua posse o projeto do Minist\u00e9rio da Educa\u00e7\u00e3o, ir\u00e1 promover com as outras organiza\u00e7\u00f5es sindicais &#8220;um dia D para por os colegas a discutirem o documento\u201d e perceber \u201co que \u00e9 inultrapass\u00e1vel\u201d e como v\u00e3o continuar a luta.<\/p>\n<p class=\"text-paragraph\">\u201cA Fenprof honrar\u00e1 o que vier dessas discuss\u00f5es. Quando os professores dizem que h\u00e1 linhas vermelhas, em negocia\u00e7\u00e3o n\u00e3o podemos dizer que s\u00e3o amarelas. S\u00e3o mesmo vermelhas&#8221;, afirmou.<\/p>\n<p class=\"text-paragraph\">Segundo M\u00e1rio Nogueira, a manifesta\u00e7\u00e3o em Leiria reuniu cerca de cinco mil pessoas, a greve que est\u00e1 decorrer por distritos teve uma ades\u00e3o de \u201cmais de 95%\u201d e \u201cvarreu praticamente todo o distrito de Leiria\u201d.<\/p>\n<p class=\"text-paragraph\">\u201cN\u00e3o \u00e9 uma surpresa. Os professores n\u00e3o aceitam continuar a ser maltratados, desvalorizados, desrespeitados e desconsiderados\u201d, frisou.<\/p>\n<p class=\"text-paragraph\">Sobre os servi\u00e7os m\u00ednimos decretados pelo Col\u00e9gio Arbitral, M\u00e1rio Nogueira apelou para que os docentes avisem caso sejam impedidos de fazer greve. \u201cAt\u00e9 ao dia 08 a greve por distrito, que termina no Porto, n\u00e3o tem servi\u00e7os m\u00ednimos decretados e se algum professor que quiser fazer greve ao abrigo deste pr\u00e9-aviso n\u00e3o puder ou n\u00e3o o permitirem isso constitui uma grave viola\u00e7\u00e3o da lei e iremos agir em conformidade\u201d, avisou.<\/p>\n<p class=\"text-paragraph\">N\u00e3o obstante, o secret\u00e1rio-geral da Fenprof, considera que \u201cestes servi\u00e7os m\u00ednimos s\u00e3o um abuso, uma vergonha e um atentado \u00e0 liberdade de exerc\u00edcio do direito \u00e0 greve\u201d.<\/p>\n","protected":false},"excerpt":{"rendered":"<p>O secret\u00e1rio-geral da Fenprof disse hoje em Leiria que h\u00e1 linhas vermelhas de que a federa\u00e7\u00e3o sindical n\u00e3o ir\u00e1 abdicar na negocia\u00e7\u00e3o com o Governo na quinta-feira, estando agendado um encontro entre sindicatos para definirem uma posi\u00e7\u00e3o.<\/p>\n","protected":false},"author":2,"featured_media":201697,"comment_status":"open","ping_status":"open","sticky":false,"template":"","format":"standard","meta":{"_acf_changed":false,"footnotes":""},"categories":[31,33],"tags":[461,1597,1121,267],"class_list":["post-255846","post","type-post","status-publish","format-standard","has-post-thumbnail","hentry","category-geral","category-nacional","tag-fenprof","tag-linhas-vermelhas","tag-mario-nogueira","tag-professores"],"acf":[],"_links":{"self":[{"href":"https:\/\/critecnow.com\/diariobeiras\/wp-json\/wp\/v2\/posts\/255846","targetHints":{"allow":["GET"]}}],"collection":[{"href":"https:\/\/critecnow.com\/diariobeiras\/wp-json\/wp\/v2\/posts"}],"about":[{"href":"https:\/\/critecnow.com\/diariobeiras\/wp-json\/wp\/v2\/types\/post"}],"author":[{"embeddable":true,"href":"https:\/\/critecnow.com\/diariobeiras\/wp-json\/wp\/v2\/users\/2"}],"replies":[{"embeddable":true,"href":"https:\/\/critecnow.com\/diariobeiras\/wp-json\/wp\/v2\/comments?post=255846"}],"version-history":[{"count":0,"href":"https:\/\/critecnow.com\/diariobeiras\/wp-json\/wp\/v2\/posts\/255846\/revisions"}],"wp:attachment":[{"href":"https:\/\/critecnow.com\/diariobeiras\/wp-json\/wp\/v2\/media?parent=255846"}],"wp:term":[{"taxonomy":"category","embeddable":true,"href":"https:\/\/critecnow.com\/diariobeiras\/wp-json\/wp\/v2\/categories?post=255846"},{"taxonomy":"post_tag","embeddable":true,"href":"https:\/\/critecnow.com\/diariobeiras\/wp-json\/wp\/v2\/tags?post=255846"}],"curies":[{"name":"wp","href":"https:\/\/api.w.org\/{rel}","templated":true}]}}