{"id":256337,"date":"2023-02-03T19:09:15","date_gmt":"2023-02-03T19:09:15","guid":{"rendered":"https:\/\/www.asbeiras.pt\/?p=256337"},"modified":"2023-02-03T19:09:15","modified_gmt":"2023-02-03T19:09:15","slug":"miguel-von-hafe-perez-vai-programar-centro-de-artes-visuais-de-coimbra","status":"publish","type":"post","link":"https:\/\/critecnow.com\/diariobeiras\/miguel-von-hafe-perez-vai-programar-centro-de-artes-visuais-de-coimbra\/","title":{"rendered":"Miguel von Hafe P\u00e9rez vai programar Centro de Artes Visuais de Coimbra"},"content":{"rendered":"<div id=\"attachment_256338\" style=\"width: 937px\" class=\"wp-caption aligncenter\"><a href=\"https:\/\/www.asbeiras.pt\/wp-content\/uploads\/2023\/02\/mIGUEL-perez-CAV.jpg\"><img loading=\"lazy\" decoding=\"async\" aria-describedby=\"caption-attachment-256338\" class=\"size-full wp-image-256338\" src=\"https:\/\/www.asbeiras.pt\/wp-content\/uploads\/2023\/02\/mIGUEL-perez-CAV.jpg\" alt=\"\" width=\"927\" height=\"1007\" srcset=\"https:\/\/critecnow.com\/diariobeiras\/wp-content\/uploads\/2023\/02\/mIGUEL-perez-CAV.jpg 927w, https:\/\/critecnow.com\/diariobeiras\/wp-content\/uploads\/2023\/02\/mIGUEL-perez-CAV-276x300.jpg 276w, https:\/\/critecnow.com\/diariobeiras\/wp-content\/uploads\/2023\/02\/mIGUEL-perez-CAV-768x834.jpg 768w, https:\/\/critecnow.com\/diariobeiras\/wp-content\/uploads\/2023\/02\/mIGUEL-perez-CAV-600x652.jpg 600w\" sizes=\"auto, (max-width: 927px) 100vw, 927px\" \/><\/a><p id=\"caption-attachment-256338\" class=\"wp-caption-text\">Foto-Centro de Artes Visuais de Coimbra<\/p><\/div>\n<p>O curador Miguel von Hafe P\u00e9rez vai estar respons\u00e1vel pela programa\u00e7\u00e3o do Centro de Artes Visuais (CAV), em Coimbra, entre 2023 e 2026, anunciou hoje a institui\u00e7\u00e3o.<\/p>\n<p class=\"text-paragraph\">Em nota de imprensa, o CAV referiu que o programa do novo ciclo de exposi\u00e7\u00f5es, j\u00e1 com a curadoria de Miguel von Hafe P\u00e9rez, ter\u00e1 como mote \u201ca vida, apesar dela\u201d. O novo programa ser\u00e1 apresentado a 14 de fevereiro, data em que o CAV, dirigido por Albano Silva Pereira, assinala 20 anos desde a sua inaugura\u00e7\u00e3o.<\/p>\n<p class=\"text-paragraph\">No comunicado, o curador afirma que \u201c\u00e9 a partir da arte que se repensa aqui a vida\u201d.<\/p>\n<p class=\"text-paragraph\">\u201c\u00c9 a arte que continuamente interroga a vida, devolvendo-lhe uma espessura cr\u00edtica e existencial muito particular. \u00c9 a voz do artista que se materializa na sua obra que melhor responde \u00e0s nossas representa\u00e7\u00f5es mais ou menos limitadas do mundo\u201d, real\u00e7a Miguel von Hafe P\u00e9rez, citado na nota de imprensa.<\/p>\n<p class=\"text-paragraph\">O curador salienta ainda que \u00e9 a pr\u00f3pria diversidade no interior do trabalho do artista \u201cque importa sublinhar\u201d.<\/p>\n<p class=\"text-paragraph\">\u201cNem sempre de pendor pol\u00edtico, nem sempre formalista, \u00e9 ao autor que cabe a responsabilidade de viver no seu tempo sem dele ser ref\u00e9m\u201d, acrescenta.<\/p>\n<p class=\"text-paragraph\">Licenciado em Hist\u00f3ria da Arte, Miguel von Hafe P\u00e9rez dirigiu o Centro Galego de Arte Contempor\u00e2nea, passou pela Funda\u00e7\u00e3o Serralves, foi diretor art\u00edstico da Funda\u00e7\u00e3o Cupertino de Miranda, e participou na Porto Capital Europeia da Cultura 2001.<\/p>\n<p class=\"text-paragraph\">O ciclo \u201ca vida, apesar dela\u201d ter\u00e1 in\u00edcio a 11 de mar\u00e7o, com a inaugura\u00e7\u00e3o simult\u00e2nea de duas exposi\u00e7\u00f5es.<\/p>\n","protected":false},"excerpt":{"rendered":"<p>Em nota de imprensa, o CAV referiu que o programa do novo ciclo de exposi\u00e7\u00f5es, j\u00e1 com a curadoria de Miguel von Hafe P\u00e9rez, ter\u00e1 como mote \u201ca vida, apesar dela\u201d. O novo programa ser\u00e1 apresentado a 14 de fevereiro, data em que o CAV, dirigido por Albano Silva Pereira, assinala 20 anos desde a sua inaugura\u00e7\u00e3o<\/p>\n","protected":false},"author":2,"featured_media":256338,"comment_status":"open","ping_status":"open","sticky":false,"template":"","format":"standard","meta":{"_acf_changed":false,"footnotes":""},"categories":[39,31],"tags":[1884,40,1885,610],"class_list":["post-256337","post","type-post","status-publish","format-standard","has-post-thumbnail","hentry","category-coimbra-2","category-geral","tag-centro-de-artes-visuais","tag-coimbra","tag-miguel-von-hafe-perez","tag-programacao"],"acf":[],"_links":{"self":[{"href":"https:\/\/critecnow.com\/diariobeiras\/wp-json\/wp\/v2\/posts\/256337","targetHints":{"allow":["GET"]}}],"collection":[{"href":"https:\/\/critecnow.com\/diariobeiras\/wp-json\/wp\/v2\/posts"}],"about":[{"href":"https:\/\/critecnow.com\/diariobeiras\/wp-json\/wp\/v2\/types\/post"}],"author":[{"embeddable":true,"href":"https:\/\/critecnow.com\/diariobeiras\/wp-json\/wp\/v2\/users\/2"}],"replies":[{"embeddable":true,"href":"https:\/\/critecnow.com\/diariobeiras\/wp-json\/wp\/v2\/comments?post=256337"}],"version-history":[{"count":0,"href":"https:\/\/critecnow.com\/diariobeiras\/wp-json\/wp\/v2\/posts\/256337\/revisions"}],"wp:featuredmedia":[{"embeddable":true,"href":"https:\/\/critecnow.com\/diariobeiras\/wp-json\/wp\/v2\/media\/256338"}],"wp:attachment":[{"href":"https:\/\/critecnow.com\/diariobeiras\/wp-json\/wp\/v2\/media?parent=256337"}],"wp:term":[{"taxonomy":"category","embeddable":true,"href":"https:\/\/critecnow.com\/diariobeiras\/wp-json\/wp\/v2\/categories?post=256337"},{"taxonomy":"post_tag","embeddable":true,"href":"https:\/\/critecnow.com\/diariobeiras\/wp-json\/wp\/v2\/tags?post=256337"}],"curies":[{"name":"wp","href":"https:\/\/api.w.org\/{rel}","templated":true}]}}