{"id":257021,"date":"2023-02-13T09:52:17","date_gmt":"2023-02-13T09:52:17","guid":{"rendered":"https:\/\/www.asbeiras.pt\/?p=257021"},"modified":"2023-02-13T09:52:17","modified_gmt":"2023-02-13T09:52:17","slug":"figueira-da-foz-vai-debater-hub-azul-da-costa-atlantica","status":"publish","type":"post","link":"https:\/\/critecnow.com\/diariobeiras\/figueira-da-foz-vai-debater-hub-azul-da-costa-atlantica\/","title":{"rendered":"Figueira da Foz vai debater Hub Azul da Costa Atl\u00e2ntica"},"content":{"rendered":"<div id=\"attachment_257022\" style=\"width: 1210px\" class=\"wp-caption alignnone\"><a href=\"https:\/\/www.asbeiras.pt\/wp-content\/uploads\/2023\/02\/21-marefoz.jpg\"><img loading=\"lazy\" decoding=\"async\" aria-describedby=\"caption-attachment-257022\" class=\"wp-image-257022 size-full\" src=\"https:\/\/www.asbeiras.pt\/wp-content\/uploads\/2023\/02\/21-marefoz.jpg\" alt=\"\" width=\"1200\" height=\"682\" srcset=\"https:\/\/critecnow.com\/diariobeiras\/wp-content\/uploads\/2023\/02\/21-marefoz.jpg 1200w, https:\/\/critecnow.com\/diariobeiras\/wp-content\/uploads\/2023\/02\/21-marefoz-300x171.jpg 300w, https:\/\/critecnow.com\/diariobeiras\/wp-content\/uploads\/2023\/02\/21-marefoz-1024x582.jpg 1024w, https:\/\/critecnow.com\/diariobeiras\/wp-content\/uploads\/2023\/02\/21-marefoz-768x436.jpg 768w, https:\/\/critecnow.com\/diariobeiras\/wp-content\/uploads\/2023\/02\/21-marefoz-600x341.jpg 600w\" sizes=\"auto, (max-width: 1200px) 100vw, 1200px\" \/><\/a><p id=\"caption-attachment-257022\" class=\"wp-caption-text\">DR<\/p><\/div>\n<p>\u201cHub Azul da Costa Atl\u00e2ntica: Estrat\u00e9gia Regional para uma Economia Azul Sustent\u00e1vel\u201d \u00e9 o tema de uma sess\u00e3o que a Universidade de Coimbra promove, quarta-feira. O encontro realiza-se de manh\u00e3 no Campus da Figueira da Foz e \u00e0 tarde na Incubadora de Empresas da Figueira da Foz. O evento comemora o 7.\u00ba anivers\u00e1rio do Laborat\u00f3rio MAREFOZ.<br \/>\nA confer\u00eancia insere-se no \u00e2mbito da Estrat\u00e9gia do UC MAR \u2013 Valoriza\u00e7\u00e3o e transfer\u00eancia de I&amp;D+i ao servi\u00e7o da Economia Azul.<br \/>\nInserido nas atividades do projeto INOVC+ &#8211; Ecossistema de Inova\u00e7\u00e3o Inteligente, o evento visa dar a conhecer \u00e0 Sociedade os resultados e o impacto econ\u00f3mico e social do trabalho desenvolvido pelo Laborat\u00f3rio MAREFOZ nos \u00faltimos sete anos.<\/p>\n<h4>Mobilizar parcerias<\/h4>\n<p>Pretende, ainda, despertar e mobilizar os stakeholders nacionais e regionais para, atrav\u00e9s do Hub Azul da Costa Atl\u00e2ntica, construir para a regi\u00e3o, e para Portugal, um futuro suportado numa Economia Azul competitiva e sustent\u00e1vel, mas tamb\u00e9m coesa e inclusiva, em estreita liga\u00e7\u00e3o \u00e0s universidades e centros de I&amp;D da Regi\u00e3o de Coimbra.<br \/>\nO tema \u201cHUB Azul da Costa Atl\u00e2ntica\u201d foi escolhido de forma a impulsionar a reflex\u00e3o e alertar para a necessidade de construir para Portugal e em especial para a regi\u00e3o, um futuro suportado numa Economia Azul competitiva e sustent\u00e1vel, mas tamb\u00e9m coesa e inclusiva, em estreita liga\u00e7\u00e3o \u00e0s universidades e centros de I&amp;D da Regi\u00e3o de Coimbra.<br \/>\nA iniciativa conta com diferentes momentos que pretendem envolver a comunidade num debate sobre a \u201cEstrat\u00e9gia regional para uma economia azul sustent\u00e1vel\u201d, com destaque para as mesas redondas sobre os temas \u201cA Import\u00e2ncia do Hub Azul da Costa Atl\u00e2ntica\u201d e \u201cCi\u00eancia, Tecnologia e Inova\u00e7\u00e3o Azul Como Motor de Desenvolvimento a Regi\u00e3o\u201d, e para os workshops paralelos\u201cExplora\u00e7\u00e3o dos Recursos Marinhos e Energia Azul\u201d e Desafios e Oportunidades das Altera\u00e7\u00f5es Clim\u00e1ticas nas Zonas Costeiras\u201d.<br \/>\nA iniciativa enquadra-se nas atividades do projeto INOVC+: Ecossistema de Inova\u00e7\u00e3o Inteligente da Regi\u00e3o Centro, um projeto liderado pela Universidade de Coimbra, cofinanciado pelo CENTRO 2020 \u2013 Programa Operacional Regional do Centro, Portugal 2020 e Uni\u00e3o Europeia, atrav\u00e9s do Fundo Europeu de Desenvolvimento Regional.<\/p>\n<h4>Laborat\u00f3rio MAREFOZ<\/h4>\n<p>O Laborat\u00f3rio do Mar e do Ambiente da Universidade de Coimbra (MAREFOZ), fundado em 2016, visa o desenvolvimento sustent\u00e1vel, cient\u00edfico, econ\u00f3mico e social da regi\u00e3o, atrav\u00e9s da transfer\u00eancia de resultados de I&amp;D e da implementa\u00e7\u00e3o do conceito de Economia Azul, explorando o potencial social e econ\u00f3mico do mar. A partir da Figueira da Foz, o Laborat\u00f3rio MAREFOZ procura aliar o trabalho de investiga\u00e7\u00e3o da UC ao apoio \u00e0s entidades publicas e privadas de desenvolvimento local e regional.<\/p>\n","protected":false},"excerpt":{"rendered":"<p>Universidade de Coimbra realiza, a 15 de fevereiro, evento sobre o Hub Azul da Costa Atl\u00e2ntica no 7.\u00ba anivers\u00e1rio do Laborat\u00f3rio MAREFOZ <\/p>\n","protected":false},"author":6,"featured_media":257022,"comment_status":"open","ping_status":"open","sticky":false,"template":"","format":"standard","meta":{"_acf_changed":false,"footnotes":""},"categories":[82,31],"tags":[2175,1420,63,2176],"class_list":["post-257021","post","type-post","status-publish","format-standard","has-post-thumbnail","hentry","category-economia","category-geral","tag-costa-atlantica","tag-debate","tag-figueira-da-foz","tag-hub-azul"],"acf":[],"_links":{"self":[{"href":"https:\/\/critecnow.com\/diariobeiras\/wp-json\/wp\/v2\/posts\/257021","targetHints":{"allow":["GET"]}}],"collection":[{"href":"https:\/\/critecnow.com\/diariobeiras\/wp-json\/wp\/v2\/posts"}],"about":[{"href":"https:\/\/critecnow.com\/diariobeiras\/wp-json\/wp\/v2\/types\/post"}],"author":[{"embeddable":true,"href":"https:\/\/critecnow.com\/diariobeiras\/wp-json\/wp\/v2\/users\/6"}],"replies":[{"embeddable":true,"href":"https:\/\/critecnow.com\/diariobeiras\/wp-json\/wp\/v2\/comments?post=257021"}],"version-history":[{"count":0,"href":"https:\/\/critecnow.com\/diariobeiras\/wp-json\/wp\/v2\/posts\/257021\/revisions"}],"wp:featuredmedia":[{"embeddable":true,"href":"https:\/\/critecnow.com\/diariobeiras\/wp-json\/wp\/v2\/media\/257022"}],"wp:attachment":[{"href":"https:\/\/critecnow.com\/diariobeiras\/wp-json\/wp\/v2\/media?parent=257021"}],"wp:term":[{"taxonomy":"category","embeddable":true,"href":"https:\/\/critecnow.com\/diariobeiras\/wp-json\/wp\/v2\/categories?post=257021"},{"taxonomy":"post_tag","embeddable":true,"href":"https:\/\/critecnow.com\/diariobeiras\/wp-json\/wp\/v2\/tags?post=257021"}],"curies":[{"name":"wp","href":"https:\/\/api.w.org\/{rel}","templated":true}]}}