{"id":257171,"date":"2023-02-14T16:34:25","date_gmt":"2023-02-14T16:34:25","guid":{"rendered":"https:\/\/www.asbeiras.pt\/?p=257171"},"modified":"2023-02-14T16:34:25","modified_gmt":"2023-02-14T16:34:25","slug":"centro-de-artes-visuais-de-coimbra-lamenta-financiamento-curto","status":"publish","type":"post","link":"https:\/\/critecnow.com\/diariobeiras\/centro-de-artes-visuais-de-coimbra-lamenta-financiamento-curto\/","title":{"rendered":"Centro de Artes Visuais de Coimbra lamenta financiamento curto"},"content":{"rendered":"<p><a href=\"https:\/\/www.asbeiras.pt\/wp-content\/uploads\/2023\/02\/entidade_cav_06.jpg\"><img loading=\"lazy\" decoding=\"async\" class=\"alignnone wp-image-257172\" src=\"https:\/\/www.asbeiras.pt\/wp-content\/uploads\/2023\/02\/entidade_cav_06.jpg\" alt=\"\" width=\"1200\" height=\"814\" srcset=\"https:\/\/critecnow.com\/diariobeiras\/wp-content\/uploads\/2023\/02\/entidade_cav_06.jpg 2048w, https:\/\/critecnow.com\/diariobeiras\/wp-content\/uploads\/2023\/02\/entidade_cav_06-300x204.jpg 300w, https:\/\/critecnow.com\/diariobeiras\/wp-content\/uploads\/2023\/02\/entidade_cav_06-1024x695.jpg 1024w, https:\/\/critecnow.com\/diariobeiras\/wp-content\/uploads\/2023\/02\/entidade_cav_06-768x521.jpg 768w, https:\/\/critecnow.com\/diariobeiras\/wp-content\/uploads\/2023\/02\/entidade_cav_06-1536x1043.jpg 1536w, https:\/\/critecnow.com\/diariobeiras\/wp-content\/uploads\/2023\/02\/entidade_cav_06-600x407.jpg 600w\" sizes=\"auto, (max-width: 1200px) 100vw, 1200px\" \/><\/a><\/p>\n<p>O diretor do Centro de Artes Visuais de Coimbra, Albano Silva Pereira, lamentou hoje o curto valor do financiamento atribu\u00eddo a esta institui\u00e7\u00e3o, que s\u00f3 \u201ccontinua viva por milagre\u201d e que tem \u201cuma cole\u00e7\u00e3o \u00fanica no pa\u00eds\u201d.<\/p>\n<p class=\"text-paragraph\">\u201cO protocolo em 2003 tinha um valor global de 500 mil euros: 300 mil do Minist\u00e9rio da Cultura e 200 mil da C\u00e2mara Municipal de Coimbra. Vinte anos depois, estamos longe desse montante\u201d, criticou.<\/p>\n<p class=\"text-paragraph\">Durante a confer\u00eancia de apresenta\u00e7\u00e3o de Miguel von Hafe P\u00e9rez como curador respons\u00e1vel pela programa\u00e7\u00e3o do novo ciclo de exposi\u00e7\u00f5es, \u201ca vida, apesar dela\u201d, a decorrer at\u00e9 2026, Albano Silva Pereira lamentou \u201ca injusti\u00e7a e a falta de enquadramento financeiro\u201d para com a institui\u00e7\u00e3o.<\/p>\n<p class=\"text-paragraph\">\u201cUma institui\u00e7\u00e3o com um equipamento desta dimens\u00e3o, com uma cole\u00e7\u00e3o \u00fanica no pa\u00eds, com esta hist\u00f3ria e patrim\u00f3nio. Parece-me extremamente injusto\u201d, acrescentou.<\/p>\n<p class=\"text-paragraph\">O diretor do Centro de Artes Visuais de Coimbra recordou alguns dos momentos mais dif\u00edceis que a organiza\u00e7\u00e3o atravessou, nos \u00faltimos anos, em virtude dos cortes no financiamento.<\/p>\n<p class=\"text-paragraph\">\u201cH\u00e1 quatro anos t\u00ednhamos um financiamento de 100 mil euros, que n\u00e3o sab\u00edamos quando \u00e9 que ir\u00edamos receber. O financiamento em que o doutor Miguel Honrado era secret\u00e1rio de Estado da Cultura, penso que h\u00e1 quatro anos, veio a 17 de novembro e trabalh\u00e1mos todo o ano sem saber se ir\u00edamos receber ou n\u00e3o\u201d, referiu.<\/p>\n<p class=\"text-paragraph\">Apesar de entender que o financiamento \u00e9 manifestamente insuficiente para tudo aquilo que o Centro de Artes Visuais de Coimbra se propunha realizar, n\u00e3o deixou de assinalar que v\u00ea como \u201cum verdadeiro milagre\u201d o financiamento quadrienal (2023-2016) da Dire\u00e7\u00e3o-Geral das Artes, no valor de 300 mil euros.<\/p>\n<p class=\"text-paragraph\">Aos jornalistas, evidenciou que sempre sonhou que o Centro de Artes Visuais de Coimbra pudesse abrir \u00e0 noite, no entanto, \u201cos custos da seguran\u00e7a inviabilizaram completamente esse prop\u00f3sito\u201d.<\/p>\n<p class=\"text-paragraph\">\u201cOs cortes obrigaram-me a desfazer todos os meus sonhos: o do hor\u00e1rio, da edi\u00e7\u00e3o, das coprodu\u00e7\u00f5es internacionais e a cortar metade da equipa. Como esta institui\u00e7\u00e3o est\u00e1 viva? Para mim \u00e9 um milagre\u201d, disse.<\/p>\n<p class=\"text-paragraph\">Albano Silva Pereira evidenciou ainda o trabalho da sua pequena, mas devota equipa.<\/p>\n<p class=\"text-paragraph\">\u201cEsta institui\u00e7\u00e3o teve todos os prop\u00f3sitos, invejas e asfixias de liquida\u00e7\u00e3o. Mas, felizmente, estamos vivos\u201d, concluiu.<\/p>\n","protected":false},"excerpt":{"rendered":"<p>O diretor do Centro de Artes Visuais de Coimbra, Albano Silva Pereira, lamentou hoje o curto valor do financiamento atribu\u00eddo a esta institui\u00e7\u00e3o, que s\u00f3 \u201ccontinua viva por milagre\u201d e que tem \u201cuma cole\u00e7\u00e3o \u00fanica no pa\u00eds\u201d.<\/p>\n","protected":false},"author":2,"featured_media":257172,"comment_status":"open","ping_status":"open","sticky":false,"template":"","format":"standard","meta":{"_acf_changed":false,"footnotes":""},"categories":[39,31],"tags":[1884,40,2217],"class_list":["post-257171","post","type-post","status-publish","format-standard","has-post-thumbnail","hentry","category-coimbra-2","category-geral","tag-centro-de-artes-visuais","tag-coimbra","tag-financiamento-curto"],"acf":[],"_links":{"self":[{"href":"https:\/\/critecnow.com\/diariobeiras\/wp-json\/wp\/v2\/posts\/257171","targetHints":{"allow":["GET"]}}],"collection":[{"href":"https:\/\/critecnow.com\/diariobeiras\/wp-json\/wp\/v2\/posts"}],"about":[{"href":"https:\/\/critecnow.com\/diariobeiras\/wp-json\/wp\/v2\/types\/post"}],"author":[{"embeddable":true,"href":"https:\/\/critecnow.com\/diariobeiras\/wp-json\/wp\/v2\/users\/2"}],"replies":[{"embeddable":true,"href":"https:\/\/critecnow.com\/diariobeiras\/wp-json\/wp\/v2\/comments?post=257171"}],"version-history":[{"count":0,"href":"https:\/\/critecnow.com\/diariobeiras\/wp-json\/wp\/v2\/posts\/257171\/revisions"}],"wp:featuredmedia":[{"embeddable":true,"href":"https:\/\/critecnow.com\/diariobeiras\/wp-json\/wp\/v2\/media\/257172"}],"wp:attachment":[{"href":"https:\/\/critecnow.com\/diariobeiras\/wp-json\/wp\/v2\/media?parent=257171"}],"wp:term":[{"taxonomy":"category","embeddable":true,"href":"https:\/\/critecnow.com\/diariobeiras\/wp-json\/wp\/v2\/categories?post=257171"},{"taxonomy":"post_tag","embeddable":true,"href":"https:\/\/critecnow.com\/diariobeiras\/wp-json\/wp\/v2\/tags?post=257171"}],"curies":[{"name":"wp","href":"https:\/\/api.w.org\/{rel}","templated":true}]}}