{"id":257649,"date":"2023-02-22T11:25:44","date_gmt":"2023-02-22T11:25:44","guid":{"rendered":"https:\/\/www.asbeiras.pt\/?p=257649"},"modified":"2023-02-22T11:25:44","modified_gmt":"2023-02-22T11:25:44","slug":"populacao-de-portugal-e-a-que-mais-esta-a-envelhecer-na-ue-eurostat","status":"publish","type":"post","link":"https:\/\/critecnow.com\/diariobeiras\/populacao-de-portugal-e-a-que-mais-esta-a-envelhecer-na-ue-eurostat\/","title":{"rendered":"Popula\u00e7\u00e3o de Portugal \u00e9 a que mais est\u00e1 a envelhecer na UE &#8211; Eurostat"},"content":{"rendered":"<div id=\"attachment_188381\" style=\"width: 1210px\" class=\"wp-caption alignnone\"><a href=\"https:\/\/www.asbeiras.pt\/wp-content\/uploads\/2020\/03\/idosos.jpg\"><img loading=\"lazy\" decoding=\"async\" aria-describedby=\"caption-attachment-188381\" class=\"size-full wp-image-188381\" src=\"https:\/\/www.asbeiras.pt\/wp-content\/uploads\/2020\/03\/idosos.jpg\" alt=\"\" width=\"1200\" height=\"675\" \/><\/a><p id=\"caption-attachment-188381\" class=\"wp-caption-text\">Arquivo<\/p><\/div>\n<p>A idade m\u00e9dia da popula\u00e7\u00e3o em Portugal fixou-se em 2022 nos 46,8 anos, a segunda mais elevada entre os 27 Estados-membros da Uni\u00e3o Europeia (UE), tendo sido a que mais aumentou nos \u00faltimos 10 anos, revelam dados do Eurostat.<\/p>\n<p class=\"text-paragraph\">De acordo com os dados hoje publicados pelo gabinete oficial de estat\u00edsticas da UE sobre a popula\u00e7\u00e3o europeia, a idade m\u00e9dia dos residentes na UE atingiu a 01 de janeiro de 2022 os 44,4 anos (contra 44,1 em 2021), tendo aumentado 2,5 anos face a 2012, quando era de 41,9 anos. Em Portugal, subiu quase cinco anos.<\/p>\n<p class=\"text-paragraph\">O Eurostat nota que, entre os 27 Estados-membros, a idade m\u00e9dia varia entre os 38,3 anos em Chipre e os 48,0 anos em It\u00e1lia, sendo que Portugal \u00e9 o segundo pa\u00eds com uma m\u00e9dia mais elevada (46,8), seguido da Gr\u00e9cia (46,1).<\/p>\n<p class=\"text-paragraph\">Na compara\u00e7\u00e3o com 2012, Portugal registou a maior subida na idade m\u00e9dia, de +4,7 anos, ao passar de 42,1 para 46,8 anos, seguindo-se Espanha (+4,3 anos) e Gr\u00e9cia e Eslov\u00e1quia (ambos com +4,1 anos).<\/p>\n<p class=\"text-paragraph\">O Eurostat aponta que a idade m\u00e9dia na UE cresceu, entre 2012 e 2022, em todos os Estados-membros com exce\u00e7\u00e3o da Su\u00e9cia, onde se registou um ligeiro recuo, de 40,8 para 40,7 anos.<\/p>\n<p class=\"text-paragraph\">O gabinete estat\u00edstico europeu sublinha tamb\u00e9m que, al\u00e9m do aumento da idade m\u00e9dia, o r\u00e1cio de depend\u00eancia dos idosos da UE, definido como o r\u00e1cio do n\u00famero de pessoas idosas (com 65 anos ou mais) em compara\u00e7\u00e3o com o n\u00famero de pessoas em idade ativa (15-64 anos), tamb\u00e9m aumentou em 2022, ao fixar-se nos 33%, face a 32,5 um ano antes e 27,1% em 2012.<\/p>\n<p class=\"text-paragraph\">Portugal apresenta o terceiro r\u00e1cio mais alto de depend\u00eancia de idosos, de 37,2%, superado apenas por It\u00e1lia (37,5%) e Finl\u00e2ndia (37,4%), enquanto os mais baixos foram registados no Luxemburgo (21,3%), Irlanda (23,1%) e Chipre (24,5%).<\/p>\n","protected":false},"excerpt":{"rendered":"<p>A idade m\u00e9dia da popula\u00e7\u00e3o em Portugal fixou-se em 2022 nos 46,8 anos, a segunda mais elevada entre os 27 Estados-membros da Uni\u00e3o Europeia (UE), tendo sido a que mais aumentou nos \u00faltimos 10 anos, revelam dados do Eurostat.<\/p>\n","protected":false},"author":2,"featured_media":188381,"comment_status":"open","ping_status":"open","sticky":false,"template":"","format":"standard","meta":{"_acf_changed":false,"footnotes":""},"categories":[31,209,33],"tags":[2385,2386,469,419],"class_list":["post-257649","post","type-post","status-publish","format-standard","has-post-thumbnail","hentry","category-geral","category-internacional","category-nacional","tag-envelhecimento","tag-eurostat","tag-portugal","tag-uniao-europeia"],"acf":[],"_links":{"self":[{"href":"https:\/\/critecnow.com\/diariobeiras\/wp-json\/wp\/v2\/posts\/257649","targetHints":{"allow":["GET"]}}],"collection":[{"href":"https:\/\/critecnow.com\/diariobeiras\/wp-json\/wp\/v2\/posts"}],"about":[{"href":"https:\/\/critecnow.com\/diariobeiras\/wp-json\/wp\/v2\/types\/post"}],"author":[{"embeddable":true,"href":"https:\/\/critecnow.com\/diariobeiras\/wp-json\/wp\/v2\/users\/2"}],"replies":[{"embeddable":true,"href":"https:\/\/critecnow.com\/diariobeiras\/wp-json\/wp\/v2\/comments?post=257649"}],"version-history":[{"count":0,"href":"https:\/\/critecnow.com\/diariobeiras\/wp-json\/wp\/v2\/posts\/257649\/revisions"}],"wp:attachment":[{"href":"https:\/\/critecnow.com\/diariobeiras\/wp-json\/wp\/v2\/media?parent=257649"}],"wp:term":[{"taxonomy":"category","embeddable":true,"href":"https:\/\/critecnow.com\/diariobeiras\/wp-json\/wp\/v2\/categories?post=257649"},{"taxonomy":"post_tag","embeddable":true,"href":"https:\/\/critecnow.com\/diariobeiras\/wp-json\/wp\/v2\/tags?post=257649"}],"curies":[{"name":"wp","href":"https:\/\/api.w.org\/{rel}","templated":true}]}}