{"id":257704,"date":"2023-02-23T10:03:29","date_gmt":"2023-02-23T10:03:29","guid":{"rendered":"https:\/\/www.asbeiras.pt\/?p=257704"},"modified":"2023-02-23T10:03:29","modified_gmt":"2023-02-23T10:03:29","slug":"opiniao-carnaval-e-binche","status":"publish","type":"post","link":"https:\/\/critecnow.com\/diariobeiras\/opiniao-carnaval-e-binche\/","title":{"rendered":"Opini\u00e3o: Carnaval \u00e9 Binche"},"content":{"rendered":"<p><a href=\"https:\/\/www.asbeiras.pt\/wp-content\/uploads\/2022\/11\/CATARINA-MOLEIRO-opi.jpg\"><img loading=\"lazy\" decoding=\"async\" class=\"alignnone size-full wp-image-250340\" src=\"https:\/\/www.asbeiras.pt\/wp-content\/uploads\/2022\/11\/CATARINA-MOLEIRO-opi.jpg\" alt=\"\" width=\"1200\" height=\"628\" \/><\/a><\/p>\n<p>N\u00e3o sendo especial adepta de Carnaval, pensei que me tinha escapado dessa \u00e9poca ao vir para a B\u00e9lgica, mas afinal n\u00e3o. O entrudo \u00e9 igualmente festejado por aqui, com menos influ\u00eancia brasileira e mais tradi\u00e7\u00e3o hist\u00f3rica. Al\u00e9m dos festejos um pouco por todo o pa\u00eds (no fim-de-semana, que aqui n\u00e3o h\u00e1 toler\u00e2ncia de ponto e afins), h\u00e1 um carnaval que se destaca pelas suas origens na idade m\u00e9dia e pelas suas caracter\u00edsticas t\u00e3o t\u00edpicas, que o inscrevem nas listas do Patrim\u00f3nio Cultural Imaterial da Humanidade da UNESCO: O Carnaval de Binche.<br \/>\nDepois de dois anos de interrup\u00e7\u00e3o devido \u00e0 pandemia, este ano a celebra\u00e7\u00e3o voltou em for\u00e7a. O domingo marcou o in\u00edcio, com multid\u00f5es de mascarados percorrendo as ruas da cidade, ao som da m\u00fasica t\u00edpica. As mam\u2019selles, homens ostensivamente disfar\u00e7ados de mulheres, s\u00e3o o prato forte do dia. Mas o momento alto \u00e9 a ter\u00e7a-feira. O dia come\u00e7a, de acordo com a tradi\u00e7\u00e3o, pela madrugada, altura em que as colectividades v\u00e3o buscar os seus Gilles a casa, numa prociss\u00e3o alimentada a ostras e champanhe (sim, n\u00e3o \u00e9 Gilles quem quer, mas quem pode).<br \/>\nOs Gilles s\u00e3o as personagens t\u00edpicas, em fatos bordados com s\u00edmbolos her\u00e1ldicos, enchidos com palha, ostentando um exuberante chap\u00e9u de cerca de 80 cm de altura, decorado com penas de avestruz. O apogeu do evento \u00e9 quando todos os Gilles se re\u00fanem na pra\u00e7a principal, batendo as socas de madeira no ch\u00e3o de uma maneira concertada, ao som do compasso forte dos tambores. Particularidade: carregam cestos de laranjas sangu\u00edneas, que arremessam aos espectadores \u2013 supostamente apanhar esta fruta deve trazer boa sorte. No local, montras e janelas est\u00e3o portanto protegidas de poss\u00edveis \u201cincidentes\u201d com laranjas. Um bocado intimidante, ver laranjas a saltar de v\u00e1rios lados \u2013 n\u00e3o se pode andar distra\u00edda!<\/p>\n","protected":false},"excerpt":{"rendered":"<p>Catarina Moleiro<\/p>\n","protected":false},"author":8,"featured_media":250340,"comment_status":"open","ping_status":"open","sticky":false,"template":"","format":"standard","meta":{"_acf_changed":false,"footnotes":""},"categories":[31,5],"tags":[784,100],"class_list":["post-257704","post","type-post","status-publish","format-standard","has-post-thumbnail","hentry","category-geral","category-opiniao","tag-catarina-moleiro","tag-opiniao"],"acf":[],"_links":{"self":[{"href":"https:\/\/critecnow.com\/diariobeiras\/wp-json\/wp\/v2\/posts\/257704","targetHints":{"allow":["GET"]}}],"collection":[{"href":"https:\/\/critecnow.com\/diariobeiras\/wp-json\/wp\/v2\/posts"}],"about":[{"href":"https:\/\/critecnow.com\/diariobeiras\/wp-json\/wp\/v2\/types\/post"}],"author":[{"embeddable":true,"href":"https:\/\/critecnow.com\/diariobeiras\/wp-json\/wp\/v2\/users\/8"}],"replies":[{"embeddable":true,"href":"https:\/\/critecnow.com\/diariobeiras\/wp-json\/wp\/v2\/comments?post=257704"}],"version-history":[{"count":0,"href":"https:\/\/critecnow.com\/diariobeiras\/wp-json\/wp\/v2\/posts\/257704\/revisions"}],"wp:attachment":[{"href":"https:\/\/critecnow.com\/diariobeiras\/wp-json\/wp\/v2\/media?parent=257704"}],"wp:term":[{"taxonomy":"category","embeddable":true,"href":"https:\/\/critecnow.com\/diariobeiras\/wp-json\/wp\/v2\/categories?post=257704"},{"taxonomy":"post_tag","embeddable":true,"href":"https:\/\/critecnow.com\/diariobeiras\/wp-json\/wp\/v2\/tags?post=257704"}],"curies":[{"name":"wp","href":"https:\/\/api.w.org\/{rel}","templated":true}]}}