{"id":258176,"date":"2023-03-02T09:21:12","date_gmt":"2023-03-02T09:21:12","guid":{"rendered":"https:\/\/www.asbeiras.pt\/?p=258176"},"modified":"2023-03-02T09:21:12","modified_gmt":"2023-03-02T09:21:12","slug":"sodicentro-festeja-30-o-aniversario-sob-o-signo-da-sustentabilidade","status":"publish","type":"post","link":"https:\/\/critecnow.com\/diariobeiras\/sodicentro-festeja-30-o-aniversario-sob-o-signo-da-sustentabilidade\/","title":{"rendered":"Sodicentro festeja 30.\u00ba anivers\u00e1rio sob o signo da sustentabilidade"},"content":{"rendered":"<p><a href=\"https:\/\/www.asbeiras.pt\/wp-content\/uploads\/2023\/03\/Sodicentro-DR.jpg\"><img loading=\"lazy\" decoding=\"async\" class=\"alignnone size-full wp-image-258177\" src=\"https:\/\/www.asbeiras.pt\/wp-content\/uploads\/2023\/03\/Sodicentro-DR.jpg\" alt=\"\" width=\"1016\" height=\"530\" srcset=\"https:\/\/critecnow.com\/diariobeiras\/wp-content\/uploads\/2023\/03\/Sodicentro-DR.jpg 1016w, https:\/\/critecnow.com\/diariobeiras\/wp-content\/uploads\/2023\/03\/Sodicentro-DR-300x156.jpg 300w, https:\/\/critecnow.com\/diariobeiras\/wp-content\/uploads\/2023\/03\/Sodicentro-DR-768x401.jpg 768w, https:\/\/critecnow.com\/diariobeiras\/wp-content\/uploads\/2023\/03\/Sodicentro-DR-600x313.jpg 600w\" sizes=\"auto, (max-width: 1016px) 100vw, 1016px\" \/><\/a><\/p>\n<p>Porque o segredo ainda \u00e9 a alma do neg\u00f3cio, para j\u00e1, a Socidentro n\u00e3o se quer alongar sobre a campanha \u201c30 anos, 30 momentos\u201d. Ainda assim, revela que \u201cno ano 2023 a Sodicentro vai dar um passo importante no \u00e2mbito do tema sustentabilidade, tornando-se uma empresa muito mais consciente e diminuindo drasticamente a sua pegada ecol\u00f3gica, indo assim ao encontro dos valores das marcas que representa com destaque para a Mercedes-Benz\u201d.<br \/>\nO ano de 2023 fica ainda marcado pela \u201crepresenta\u00e7\u00e3o de novas marcas, ainda que j\u00e1 conhecidas, novos produtos e com grande destaque a renova\u00e7\u00e3o das instala\u00e7\u00f5es da Sodicentro Coimbra com um upgrade para o Mar 2020 da Mercedes-Benz\u201d.<br \/>\nS\u00e3o muitas as novidades previstas e a empresa n\u00e3o tem d\u00favidas de que vai \u201cmarcar pela diferen\u00e7a e relev\u00e2ncia no decorrer deste ano 2023\u201d. \u201cAcreditamos que tudo o que planeamos e trabalhamos para apresentar durante o presente ano, far\u00e1 a diferen\u00e7a no servi\u00e7o prestado e na experi\u00eancia dos nossos clientes, aumentando assim a taxa de satisfa\u00e7\u00e3o dos mesmos\u201d, refere a Sodicentro.<\/p>\n<h4>Manter crescimento<\/h4>\n<p>Fundada em 1993, a Sodicentro foi adquirida pelo Grupo Auto-Industrial 11 anos depois. Desde essa altura registou \u201cum crescimento acentuado\u201d, fruto \u201cdo alargamento de modelos vendidos pela marca Mercedes-Benz, que resultou consequentemente num alargamento do p\u00fablico-alvo\u201d. O balan\u00e7o \u00e9, por isso, \u201cbastante positivo\u201d, e o resultado foi um crescimento \u201cenquanto marca e enquanto empresa\u201d. \u201cAcreditamos tamb\u00e9m que, nos pr\u00f3ximos 30 anos, este crescimento e evolu\u00e7\u00e3o se ir\u00e3o manter. Nomeadamente atrav\u00e9s da expans\u00e3o das tipologias de produtos que oferecemos aos nossos clientes, pelo crescimento das marcas que representamos, mas tamb\u00e9m pelo trabalho di\u00e1rio realizado por todos os elementos que s\u00e3o parte integrante da nossa empresa\u201d, refere a empresa.<br \/>\nO ano de 2023 vai ficar marcado por v\u00e1rios lan\u00e7amentos, com destaque para o novo EQE SUV, \u201cque \u00e9 um dos mais importantes deste ano: um SUV 100% el\u00e9trico com uma autonomia ate 590 km, com uma ampla oferta de sistemas de assist\u00eancia \u00e0 condu\u00e7\u00e3o, um vasto leque de equipamentos tecnologicamente avan\u00e7ados e um design distintivo e inovador\u201d.<br \/>\nNota ainda para o novo Classe E, \u201ccom uma nova arquitetura do sistema telem\u00e1tica que permite uma experi\u00eancia de utilizador abrangente, uma evolvente, interativa e inteligente integra\u00e7\u00e3o de smartphone, conforto acrescido no dia a dia, um design interior, desportivo com alta qualidade a verdadeira combina\u00e7\u00e3o do luxo digital com o anal\u00f3gico\u201d.<br \/>\nAs novidades n\u00e3o v\u00e3o ficar por aqui e fica ainda a promessa de \u201cnovos projetos e desafios que far\u00e3o a diferen\u00e7a na presta\u00e7\u00e3o de servi\u00e7os e consequentemente na experi\u00eancia dos clientes\u201d.<\/p>\n","protected":false},"excerpt":{"rendered":"<p>\u201c30 anos, 30 momentos\u201d \u00e9 o slogan do anivers\u00e1rio da distribuidora e reparadora oficial Mercedes-Benz e smart em Coimbra e Leiria<\/p>\n","protected":false},"author":6,"featured_media":258177,"comment_status":"open","ping_status":"open","sticky":false,"template":"","format":"standard","meta":{"_acf_changed":false,"footnotes":""},"categories":[82,31],"tags":[2595,1531,1422],"class_list":["post-258176","post","type-post","status-publish","format-standard","has-post-thumbnail","hentry","category-economia","category-geral","tag-30o-aniversario","tag-sodicentro","tag-sustentabilidade"],"acf":[],"_links":{"self":[{"href":"https:\/\/critecnow.com\/diariobeiras\/wp-json\/wp\/v2\/posts\/258176","targetHints":{"allow":["GET"]}}],"collection":[{"href":"https:\/\/critecnow.com\/diariobeiras\/wp-json\/wp\/v2\/posts"}],"about":[{"href":"https:\/\/critecnow.com\/diariobeiras\/wp-json\/wp\/v2\/types\/post"}],"author":[{"embeddable":true,"href":"https:\/\/critecnow.com\/diariobeiras\/wp-json\/wp\/v2\/users\/6"}],"replies":[{"embeddable":true,"href":"https:\/\/critecnow.com\/diariobeiras\/wp-json\/wp\/v2\/comments?post=258176"}],"version-history":[{"count":0,"href":"https:\/\/critecnow.com\/diariobeiras\/wp-json\/wp\/v2\/posts\/258176\/revisions"}],"wp:featuredmedia":[{"embeddable":true,"href":"https:\/\/critecnow.com\/diariobeiras\/wp-json\/wp\/v2\/media\/258177"}],"wp:attachment":[{"href":"https:\/\/critecnow.com\/diariobeiras\/wp-json\/wp\/v2\/media?parent=258176"}],"wp:term":[{"taxonomy":"category","embeddable":true,"href":"https:\/\/critecnow.com\/diariobeiras\/wp-json\/wp\/v2\/categories?post=258176"},{"taxonomy":"post_tag","embeddable":true,"href":"https:\/\/critecnow.com\/diariobeiras\/wp-json\/wp\/v2\/tags?post=258176"}],"curies":[{"name":"wp","href":"https:\/\/api.w.org\/{rel}","templated":true}]}}