{"id":258542,"date":"2023-03-07T14:38:22","date_gmt":"2023-03-07T14:38:22","guid":{"rendered":"https:\/\/www.asbeiras.pt\/?p=258542"},"modified":"2023-03-07T14:38:22","modified_gmt":"2023-03-07T14:38:22","slug":"primeira-greve-de-enfermeiros-do-setor-privado-a-16-de-marco","status":"publish","type":"post","link":"https:\/\/critecnow.com\/diariobeiras\/primeira-greve-de-enfermeiros-do-setor-privado-a-16-de-marco\/","title":{"rendered":"Primeira greve de enfermeiros do setor privado a 16 de mar\u00e7o"},"content":{"rendered":"<div id=\"attachment_258543\" style=\"width: 1028px\" class=\"wp-caption alignnone\"><a href=\"https:\/\/www.asbeiras.pt\/wp-content\/uploads\/2023\/03\/Manif-SEP.jpg\"><img loading=\"lazy\" decoding=\"async\" aria-describedby=\"caption-attachment-258543\" class=\"wp-image-258543 size-full\" src=\"https:\/\/www.asbeiras.pt\/wp-content\/uploads\/2023\/03\/Manif-SEP.jpg\" alt=\"\" width=\"1018\" height=\"521\" \/><\/a><p id=\"caption-attachment-258543\" class=\"wp-caption-text\">DR\/Foto de Sindicatos dos Enfermeiros Portugueses<\/p><\/div>\n<p>Os enfermeiros que exercem fun\u00e7\u00f5es nas unidades de sa\u00fade abrangidas pela Associa\u00e7\u00e3o Portuguesa da Hospitaliza\u00e7\u00e3o Privada (APHP) v\u00e3o\u00a0estar em greve, pela primeira vez, no dia 16 de mar\u00e7o, anunciou hoje o Sindicato dos Enfermeiros Portugueses (SEP).<\/p>\n<p class=\"text-paragraph\">O SEP reivindica um hor\u00e1rio de trabalho de 35 horas semanais e a regula\u00e7\u00e3o dos turnos, aumento salarial mensal para quem trabalha por turnos, pagamento do regime de preven\u00e7\u00e3o, aumento das compensa\u00e7\u00f5es das chamadas horas penosas (noites, fins de semana e feriados), subida salarial de 10% e aumento do subs\u00eddio de refei\u00e7\u00e3o, al\u00e9m de 25 dias de f\u00e9rias.<\/p>\n<p class=\"text-paragraph\">A greve \u201ctem a ver com a negocia\u00e7\u00e3o da carreira a n\u00edvel da hospitaliza\u00e7\u00e3o privada, que envolve os principais grupos econ\u00f3micos da sa\u00fade, no total de 75 institui\u00e7\u00f5es, e que abrange 4.200 enfermeiros\u201d, explicou hoje aos jornalistas o dirigente sindical Rui Marroni, numa iniciativa junto ao Hospital da Luz de Coimbra.<\/p>\n<p class=\"text-paragraph\">\u201cEstes enfermeiros t\u00eam tido os hor\u00e1rios desregulados e est\u00e3o com 40 horas semanais ou mais. Desde que iniciamos este processo, duas institui\u00e7\u00f5es avan\u00e7aram com aumentos salariais, mas aquilo que pretendemos \u00e9 que isso fique regulado no contrato coletivo de trabalho que estamos a negociar\u201d, acrescentou.<\/p>\n<p class=\"text-paragraph\">O sindicalista denunciou hor\u00e1rios exagerados, com enfermeiros que \u201ct\u00eam mais de 200 horas de trabalho em d\u00edvida, o que configura pelo menos um m\u00eas de trabalho no m\u00ednimo, e isto n\u00e3o pode acontecer\u201d.<\/p>\n<p class=\"text-paragraph\">\u201cAquilo que pretendemos \u00e9 que neste contrato coletivo de trabalho, esta mat\u00e9ria fique devidamente regulada, e limitar \u00e0s 35 horas semanais, que \u00e9 o que acontece no resto dos setores, nomeadamente setor social e administra\u00e7\u00e3o p\u00fablica\u201d, sublinhou.<\/p>\n<p class=\"text-paragraph\">Segundo Rui Marroni, a negocia\u00e7\u00e3o encetada em novembro n\u00e3o tem tido \u201candamento por parte da associa\u00e7\u00e3o que representa estes grupos privados\u201d.<\/p>\n<p class=\"text-paragraph\">\u201cApresent\u00e1mos uma proposta de revis\u00e3o de contrato coletivo de trabalho a 03 de novembro e tivemos quatro reuni\u00f5es, a \u00faltima das quais no dia 14 de fevereiro e aquilo que trouxemos da reuni\u00e3o \u00e9 pouco mais que nada\u201d, adiantou.<\/p>\n<p class=\"text-paragraph\">O dirigente do SEP acrescentou que a APHP pretende negociar um banco de horas, que o sindicato n\u00e3o aceita por pretender \u201cefetivamente que os enfermeiros pratiquem um per\u00edodo de trabalho semanal e n\u00e3o um trabalho desregulado que p\u00f5e em causa a sua vida pessoal e familiar\u201d.<\/p>\n<p class=\"text-paragraph\">A greve foi anunciada hoje em Coimbra, junto ao Hospital da Luz, atrav\u00e9s da coloca\u00e7\u00e3o de uma faixa, seguida de confer\u00eancia de imprensa.<\/p>\n<p class=\"text-paragraph\">Durante a tarde de hoje, o SEP vai colocar tamb\u00e9m tarjas junto ao Hospital da Sanfil e da CUF, entidades que integram a APHP.<\/p>\n<p class=\"text-paragraph\">\u201cPretendemos negociar um contrato coletivo de trabalho, ou seja, uma carreira de enfermagem para os enfermeiros neste setor, mas se n\u00e3o houver evolu\u00e7\u00e3o do processo negocial naturalmente que vamos decidir com os enfermeiros outras formas de luta\u201d, sintetizou Rui Marroni.<\/p>\n","protected":false},"excerpt":{"rendered":"<p>Os enfermeiros que exercem fun\u00e7\u00f5es nas unidades de sa\u00fade abrangidas pela Associa\u00e7\u00e3o Portuguesa da Hospitaliza\u00e7\u00e3o Privada (APHP) v\u00e3o\u00a0estar em greve, pela primeira vez, no dia 16 de mar\u00e7o, anunciou hoje o Sindicato dos Enfermeiros Portugueses (SEP).<\/p>\n","protected":false},"author":2,"featured_media":258543,"comment_status":"open","ping_status":"open","sticky":false,"template":"","format":"standard","meta":{"_acf_changed":false,"footnotes":""},"categories":[39,31],"tags":[2765,498,239],"class_list":["post-258542","post","type-post","status-publish","format-standard","has-post-thumbnail","hentry","category-coimbra-2","category-geral","tag-associacao-portuguesa-da-hospitalizacao-privada","tag-enfermeiros","tag-greve"],"acf":[],"_links":{"self":[{"href":"https:\/\/critecnow.com\/diariobeiras\/wp-json\/wp\/v2\/posts\/258542","targetHints":{"allow":["GET"]}}],"collection":[{"href":"https:\/\/critecnow.com\/diariobeiras\/wp-json\/wp\/v2\/posts"}],"about":[{"href":"https:\/\/critecnow.com\/diariobeiras\/wp-json\/wp\/v2\/types\/post"}],"author":[{"embeddable":true,"href":"https:\/\/critecnow.com\/diariobeiras\/wp-json\/wp\/v2\/users\/2"}],"replies":[{"embeddable":true,"href":"https:\/\/critecnow.com\/diariobeiras\/wp-json\/wp\/v2\/comments?post=258542"}],"version-history":[{"count":0,"href":"https:\/\/critecnow.com\/diariobeiras\/wp-json\/wp\/v2\/posts\/258542\/revisions"}],"wp:attachment":[{"href":"https:\/\/critecnow.com\/diariobeiras\/wp-json\/wp\/v2\/media?parent=258542"}],"wp:term":[{"taxonomy":"category","embeddable":true,"href":"https:\/\/critecnow.com\/diariobeiras\/wp-json\/wp\/v2\/categories?post=258542"},{"taxonomy":"post_tag","embeddable":true,"href":"https:\/\/critecnow.com\/diariobeiras\/wp-json\/wp\/v2\/tags?post=258542"}],"curies":[{"name":"wp","href":"https:\/\/api.w.org\/{rel}","templated":true}]}}