{"id":258784,"date":"2023-03-10T12:55:39","date_gmt":"2023-03-10T12:55:39","guid":{"rendered":"https:\/\/www.asbeiras.pt\/?p=258784"},"modified":"2023-03-10T12:55:39","modified_gmt":"2023-03-10T12:55:39","slug":"inscricoes-abertas-para-o-curso-de-nadador-salvador-em-cantanhede","status":"publish","type":"post","link":"https:\/\/critecnow.com\/diariobeiras\/inscricoes-abertas-para-o-curso-de-nadador-salvador-em-cantanhede\/","title":{"rendered":"Inscri\u00e7\u00f5es abertas para o curso de nadador-salvador em Cantanhede"},"content":{"rendered":"<p><a href=\"https:\/\/www.asbeiras.pt\/wp-content\/uploads\/2023\/03\/nadador-salvador.png\"><img loading=\"lazy\" decoding=\"async\" class=\"alignnone wp-image-258785\" src=\"https:\/\/www.asbeiras.pt\/wp-content\/uploads\/2023\/03\/nadador-salvador.png\" alt=\"\" width=\"1200\" height=\"626\" \/><\/a><\/p>\n<p>&nbsp;<\/p>\n<p class=\"text-paragraph\">A C\u00e2mara Municipal de Cantanhede anunciou que est\u00e3o abertas as inscri\u00e7\u00f5es. at\u00e9 ao dia 11 de abril, para o curso de nadador-salvador, que se vai realizar a partir de 18 de abril em hor\u00e1rio p\u00f3s-laboral.<\/p>\n<p class=\"text-paragraph\">A iniciativa \u00e9 promovida pelo servi\u00e7o municipal de Prote\u00e7\u00e3o Civil do munic\u00edpio de Cantanhede, no distrito de Coimbra, em parceria com o munic\u00edpio da Figueira da Foz, atrav\u00e9s da sua escola de forma\u00e7\u00e3o \u201cFOZ RESGATE\u201d.<\/p>\n<p class=\"text-paragraph\">\u201cSob orienta\u00e7\u00e3o do formador Valdemar Santos, a atividade tem como principal objetivo contribuir para o desenvolvimento de conhecimentos e compet\u00eancias, dotando os formandos para o desempenho das suas fun\u00e7\u00f5es de forma profissional\u201d, acrescentou a autarquia.<\/p>\n<p class=\"text-paragraph\">As inscri\u00e7\u00f5es devem ser feitas no \u2018site\u2019 da C\u00e2mara Municipal da Figueira da Foz, na sec\u00e7\u00e3o \u201cdestaques\u201d.<\/p>\n<p class=\"text-paragraph\">Com a dura\u00e7\u00e3o de 150 horas e com o n\u00famero m\u00ednimo de 16 formandos, a a\u00e7\u00e3o formativa tem um custo de 180 euros, valor que inclui taxas das provas de admiss\u00e3o, seguro de acidentes, manual e tamb\u00e9m a inscri\u00e7\u00e3o para exame final no Instituto de Socorros a N\u00e1ufragos.<\/p>\n","protected":false},"excerpt":{"rendered":"<p>A C\u00e2mara Municipal de Cantanhede anunciou que est\u00e3o abertas as inscri\u00e7\u00f5es. at\u00e9 ao dia 11 de abril, para o curso de nadador-salvador, que se vai realizar a partir de 18 de abril em hor\u00e1rio p\u00f3s-laboral.<\/p>\n","protected":false},"author":2,"featured_media":258785,"comment_status":"open","ping_status":"open","sticky":false,"template":"","format":"standard","meta":{"_acf_changed":false,"footnotes":""},"categories":[389,31],"tags":[2467,1068,2857,2858],"class_list":["post-258784","post","type-post","status-publish","format-standard","has-post-thumbnail","hentry","category-cantanhede","category-geral","tag-camara-municipal-de-cantanhede","tag-concurso","tag-foz-resgate","tag-nadador-salvador"],"acf":[],"_links":{"self":[{"href":"https:\/\/critecnow.com\/diariobeiras\/wp-json\/wp\/v2\/posts\/258784","targetHints":{"allow":["GET"]}}],"collection":[{"href":"https:\/\/critecnow.com\/diariobeiras\/wp-json\/wp\/v2\/posts"}],"about":[{"href":"https:\/\/critecnow.com\/diariobeiras\/wp-json\/wp\/v2\/types\/post"}],"author":[{"embeddable":true,"href":"https:\/\/critecnow.com\/diariobeiras\/wp-json\/wp\/v2\/users\/2"}],"replies":[{"embeddable":true,"href":"https:\/\/critecnow.com\/diariobeiras\/wp-json\/wp\/v2\/comments?post=258784"}],"version-history":[{"count":0,"href":"https:\/\/critecnow.com\/diariobeiras\/wp-json\/wp\/v2\/posts\/258784\/revisions"}],"wp:attachment":[{"href":"https:\/\/critecnow.com\/diariobeiras\/wp-json\/wp\/v2\/media?parent=258784"}],"wp:term":[{"taxonomy":"category","embeddable":true,"href":"https:\/\/critecnow.com\/diariobeiras\/wp-json\/wp\/v2\/categories?post=258784"},{"taxonomy":"post_tag","embeddable":true,"href":"https:\/\/critecnow.com\/diariobeiras\/wp-json\/wp\/v2\/tags?post=258784"}],"curies":[{"name":"wp","href":"https:\/\/api.w.org\/{rel}","templated":true}]}}