{"id":259108,"date":"2023-03-16T09:29:17","date_gmt":"2023-03-16T09:29:17","guid":{"rendered":"https:\/\/www.asbeiras.pt\/?p=259108"},"modified":"2023-03-16T09:29:17","modified_gmt":"2023-03-16T09:29:17","slug":"ipc-reforca-lacos-com-alunos-e-universidades-no-brasil","status":"publish","type":"post","link":"https:\/\/critecnow.com\/diariobeiras\/ipc-reforca-lacos-com-alunos-e-universidades-no-brasil\/","title":{"rendered":"IPC refor\u00e7a la\u00e7os com alunos e universidades no Brasil"},"content":{"rendered":"<div id=\"attachment_259109\" style=\"width: 1210px\" class=\"wp-caption alignnone\"><a href=\"https:\/\/www.asbeiras.pt\/wp-content\/uploads\/2023\/03\/07-IPC-e-Secretario-de-EStado-no-Salao-do-Estudante-em-Sao-Paulo.jpg\"><img loading=\"lazy\" decoding=\"async\" aria-describedby=\"caption-attachment-259109\" class=\"wp-image-259109 size-full\" src=\"https:\/\/www.asbeiras.pt\/wp-content\/uploads\/2023\/03\/07-IPC-e-Secretario-de-EStado-no-Salao-do-Estudante-em-Sao-Paulo.jpg\" alt=\"\" width=\"1200\" height=\"628\" \/><\/a><p id=\"caption-attachment-259109\" class=\"wp-caption-text\">DR<\/p><\/div>\n<p>O Polit\u00e9cnico de Coimbra (IPC) est\u00e1 no Brasil a desenvolver v\u00e1rios contactos institucionais com vista a divulgar a sua oferta formativa, intensificar a coopera\u00e7\u00e3o e aumentar a capta\u00e7\u00e3o de estudantes provenientes daquele pa\u00eds.<br \/>\nNesse sentido, uma comitiva do IPC constitu\u00edda pelo presidente e vice-presidente do IPC, Jorge Conde e Ana Ferreira, e pela t\u00e9cnica de comunica\u00e7\u00e3o J\u00e9ssica Lopes, est\u00e3o a participar no projeto Portugal Polytechnics, promovido pelo Conselho Coordenador de Institutos Polit\u00e9cnicos Portugueses (CCISP), com a presen\u00e7a no Sal\u00e3o do Estudante em diversas cidades brasileiras, a par de visitas a universidades e col\u00e9gios para capta\u00e7\u00e3o de estudantes.<br \/>\nDo programa realizado at\u00e9 ao momento, destacam-se a rece\u00e7\u00e3o oficial do c\u00f4nsul-geral em S\u00e3o Paulo, o embaixador Ant\u00f3nio Pedro Rodrigues da Silva, e a visita ao Centro Paula Souza, em S\u00e3o Paulo, uma entidade do Governo Estadual que administra as 220 Escolas T\u00e9cnicas (ETEC) e as 66 Faculdades de Tecnologia (FATEC) deste Estado, com o objetivo de promover e divulgar junto de estudantes e professores a oferta formativa, oportunidades de interc\u00e2mbio e colabora\u00e7\u00f5es internacionais.<br \/>\nA comitiva esteve presente no Sal\u00e3o do Estudante que decorreu no Centro de Conven\u00e7\u00f5es Frei Caneca, em S\u00e3o Paulo. Nesta edi\u00e7\u00e3o, Portugal \u00e9 o convidado de honra e a abertura contou com a presen\u00e7a do secret\u00e1rio de Estado do Ensino Superior.<br \/>\nSegundo o presidente do IPC, Jorge Conde, \u201co IPC tem abra\u00e7ado as miss\u00f5es ao Brasil como determinantes no caminho da internacionaliza\u00e7\u00e3o\u201d.<br \/>\n\u201cA possibilidade de podermos, em grandes palcos de divulga\u00e7\u00e3o, apresentar o que de melhor se faz nas nossas escolas, \u00e9 a garantia de que todo o investimento tem retorno. Este ano, come\u00e7a-se a sentir a verdadeira retoma do Brasil. A classe m\u00e9dia que se viu financeiramente amea\u00e7ada nos \u00faltimos anos, volta a ter esperan\u00e7a e a acreditar que pode colocar os filhos a estudar no exterior e n\u00f3s c\u00e1 estamos para ajudarmos a cumprir esse desejo\u201d, afirma o respons\u00e1vel.<\/p>\n","protected":false},"excerpt":{"rendered":"<p>O Polit\u00e9cnico de Coimbra (IPC) est\u00e1 no Brasil a desenvolver v\u00e1rios contactos institucionais com vista a divulgar a sua oferta formativa, intensificar a coopera\u00e7\u00e3o e aumentar a capta\u00e7\u00e3o de estudantes provenientes daquele pa\u00eds.<\/p>\n","protected":false},"author":6,"featured_media":259109,"comment_status":"open","ping_status":"open","sticky":false,"template":"","format":"standard","meta":{"_acf_changed":false,"footnotes":""},"categories":[39,31],"tags":[1434,1049,2479,2956,2957],"class_list":["post-259108","post","type-post","status-publish","format-standard","has-post-thumbnail","hentry","category-coimbra-2","category-geral","tag-alunos","tag-brasil","tag-ipc","tag-lacos","tag-universidades"],"acf":[],"_links":{"self":[{"href":"https:\/\/critecnow.com\/diariobeiras\/wp-json\/wp\/v2\/posts\/259108","targetHints":{"allow":["GET"]}}],"collection":[{"href":"https:\/\/critecnow.com\/diariobeiras\/wp-json\/wp\/v2\/posts"}],"about":[{"href":"https:\/\/critecnow.com\/diariobeiras\/wp-json\/wp\/v2\/types\/post"}],"author":[{"embeddable":true,"href":"https:\/\/critecnow.com\/diariobeiras\/wp-json\/wp\/v2\/users\/6"}],"replies":[{"embeddable":true,"href":"https:\/\/critecnow.com\/diariobeiras\/wp-json\/wp\/v2\/comments?post=259108"}],"version-history":[{"count":0,"href":"https:\/\/critecnow.com\/diariobeiras\/wp-json\/wp\/v2\/posts\/259108\/revisions"}],"wp:attachment":[{"href":"https:\/\/critecnow.com\/diariobeiras\/wp-json\/wp\/v2\/media?parent=259108"}],"wp:term":[{"taxonomy":"category","embeddable":true,"href":"https:\/\/critecnow.com\/diariobeiras\/wp-json\/wp\/v2\/categories?post=259108"},{"taxonomy":"post_tag","embeddable":true,"href":"https:\/\/critecnow.com\/diariobeiras\/wp-json\/wp\/v2\/tags?post=259108"}],"curies":[{"name":"wp","href":"https:\/\/api.w.org\/{rel}","templated":true}]}}