{"id":259486,"date":"2023-03-22T10:27:27","date_gmt":"2023-03-22T10:27:27","guid":{"rendered":"https:\/\/www.asbeiras.pt\/?p=259486"},"modified":"2023-03-22T10:27:27","modified_gmt":"2023-03-22T10:27:27","slug":"detido-suspeito-de-trafico-de-droga-em-arganil","status":"publish","type":"post","link":"https:\/\/critecnow.com\/diariobeiras\/detido-suspeito-de-trafico-de-droga-em-arganil\/","title":{"rendered":"Detido suspeito de tr\u00e1fico de droga em Arganil"},"content":{"rendered":"<div id=\"attachment_259487\" style=\"width: 1020px\" class=\"wp-caption alignnone\"><a href=\"https:\/\/www.asbeiras.pt\/wp-content\/uploads\/2023\/03\/ultima-gnr-lousa.jpg\"><img loading=\"lazy\" decoding=\"async\" aria-describedby=\"caption-attachment-259487\" class=\"wp-image-259487 size-full\" src=\"https:\/\/www.asbeiras.pt\/wp-content\/uploads\/2023\/03\/ultima-gnr-lousa.jpg\" alt=\"\" width=\"1010\" height=\"530\" \/><\/a><p id=\"caption-attachment-259487\" class=\"wp-caption-text\">DR<\/p><\/div>\n<p>O Comando Territorial da GNR de Coimbra, atrav\u00e9s do N\u00facleo de Investiga\u00e7\u00e3o Criminal (NIC) da Lous\u00e3, deteve, na passada segunda-feira, \u201cum homem de 40 anos, por tr\u00e1fico de estupefacientes, no concelho de Arganil\u201d, foi ontem anunciado.<br \/>\nEm nota de imprensa enviada ao DI\u00c1RIO AS BEIRAS, a for\u00e7a militar explica que, no \u00e2mbito de dilig\u00eancias de investiga\u00e7\u00e3o por furto numa resid\u00eancia que decorria h\u00e1 cerca de dois meses, \u201cos militares do NIC deram cumprimento a tr\u00eas mandados de busca domicili\u00e1ria e uma busca em ve\u00edculo, que culminaram na apreens\u00e3o e recupera\u00e7\u00e3o de material\u201d, com destaque para 85 doses de haxixe, seis de can\u00e1bis e tr\u00eas plantas de can\u00e1bis. A GNR apreendeu ainda duas balan\u00e7as, uma estufa, tr\u00eas rel\u00f3gios, um anel em ouro e um cofre, bem como tr\u00eas telem\u00f3veis e diversos sacos herm\u00e9ticos;<br \/>\nNo decorrer da a\u00e7\u00e3o policial \u201cfoi ainda constitu\u00eddo arguido um homem de 39 anos por furto\u201d, acrescenta a for\u00e7a militar.<br \/>\nA terminar, a GNR revela que o suspeito \u201cdetido foi constitu\u00eddo arguido e factos foram remetidos ao Tribunal Judicial de Arganil\u201d.<br \/>\nEsta opera\u00e7\u00e3o policial contou com o apoio do Destacamento de Interven\u00e7\u00e3o de Coimbra.<\/p>\n","protected":false},"excerpt":{"rendered":"<p>O Comando Territorial da GNR de Coimbra, atrav\u00e9s do N\u00facleo de Investiga\u00e7\u00e3o Criminal (NIC) da Lous\u00e3, deteve, na passada segunda-feira, \u201cum homem de 40 anos, por tr\u00e1fico de estupefacientes, no concelho de Arganil\u201d, foi ontem anunciado.<\/p>\n","protected":false},"author":10,"featured_media":259487,"comment_status":"open","ping_status":"open","sticky":false,"template":"","format":"standard","meta":{"_acf_changed":false,"footnotes":""},"categories":[314,31],"tags":[663,491,1423,837,630],"class_list":["post-259486","post","type-post","status-publish","format-standard","has-post-thumbnail","hentry","category-arganil","category-geral","tag-arganil","tag-detencao","tag-gnr","tag-suspeito","tag-trafico-de-droga"],"acf":[],"_links":{"self":[{"href":"https:\/\/critecnow.com\/diariobeiras\/wp-json\/wp\/v2\/posts\/259486","targetHints":{"allow":["GET"]}}],"collection":[{"href":"https:\/\/critecnow.com\/diariobeiras\/wp-json\/wp\/v2\/posts"}],"about":[{"href":"https:\/\/critecnow.com\/diariobeiras\/wp-json\/wp\/v2\/types\/post"}],"author":[{"embeddable":true,"href":"https:\/\/critecnow.com\/diariobeiras\/wp-json\/wp\/v2\/users\/10"}],"replies":[{"embeddable":true,"href":"https:\/\/critecnow.com\/diariobeiras\/wp-json\/wp\/v2\/comments?post=259486"}],"version-history":[{"count":0,"href":"https:\/\/critecnow.com\/diariobeiras\/wp-json\/wp\/v2\/posts\/259486\/revisions"}],"wp:attachment":[{"href":"https:\/\/critecnow.com\/diariobeiras\/wp-json\/wp\/v2\/media?parent=259486"}],"wp:term":[{"taxonomy":"category","embeddable":true,"href":"https:\/\/critecnow.com\/diariobeiras\/wp-json\/wp\/v2\/categories?post=259486"},{"taxonomy":"post_tag","embeddable":true,"href":"https:\/\/critecnow.com\/diariobeiras\/wp-json\/wp\/v2\/tags?post=259486"}],"curies":[{"name":"wp","href":"https:\/\/api.w.org\/{rel}","templated":true}]}}