{"id":260067,"date":"2023-04-03T08:15:00","date_gmt":"2023-04-03T08:15:00","guid":{"rendered":"https:\/\/www.asbeiras.pt\/?p=260067"},"modified":"2023-04-03T08:15:00","modified_gmt":"2023-04-03T08:15:00","slug":"coimbra-cernache-celebrou-o-cavaquinho","status":"publish","type":"post","link":"https:\/\/critecnow.com\/diariobeiras\/coimbra-cernache-celebrou-o-cavaquinho\/","title":{"rendered":"Coimbra: Cernache celebrou o cavaquinho"},"content":{"rendered":"<div id=\"attachment_260068\" style=\"width: 1023px\" class=\"wp-caption alignnone\"><a href=\"https:\/\/www.asbeiras.pt\/wp-content\/uploads\/2023\/04\/07-cernache-cavaquinho.jpg\"><img loading=\"lazy\" decoding=\"async\" aria-describedby=\"caption-attachment-260068\" class=\"wp-image-260068 size-full\" src=\"https:\/\/www.asbeiras.pt\/wp-content\/uploads\/2023\/04\/07-cernache-cavaquinho.jpg\" alt=\"\" width=\"1013\" height=\"527\" \/><\/a><p id=\"caption-attachment-260068\" class=\"wp-caption-text\">DB\/Foto de Ana Catarina Ferreira<\/p><\/div>\n<p>O Museu Moinho das Lapas recebeu, no passado s\u00e1bado, a 4.\u00aa edi\u00e7\u00e3o do Festival do Cavaquinho e da M\u00fasica Portuguesa, promovido pela Junta de Freguesia de Cernache .<br \/>\nParticiparam neste evento o Grupo de Cavaquinhos \u201cCantares \u00c0 Solta\u201d da Oficina de M\u00fasica da Junta de Freguesia de Cernanche, o Grupo de Cavaquinhos do Clube Ca\u00e7a e Pesca de Oliveira do Hospital e o Grupo de Cavaquinhos do Alentejo &#8211; Alca\u00e7ovas.<\/p>\n<h4><em>Not\u00edcia completa nas edi\u00e7\u00f5es impressa e digital do DI\u00c1RIO AS BEIRAS <\/em><em><a href=\"mailto:assinaturas@asbeiras.pt\">assinaturas@asbeiras.pt<\/a><\/em><\/h4>\n","protected":false},"excerpt":{"rendered":"<p>O Museu Moinho das Lapas recebeu, no passado s\u00e1bado, a 4.\u00aa edi\u00e7\u00e3o do Festival do Cavaquinho e da M\u00fasica Portuguesa, promovido pela Junta de Freguesia de Cernache .<\/p>\n","protected":false},"author":3,"featured_media":260068,"comment_status":"open","ping_status":"open","sticky":false,"template":"","format":"standard","meta":{"_acf_changed":false,"footnotes":""},"categories":[39,31],"tags":[3295,305],"class_list":["post-260067","post","type-post","status-publish","format-standard","has-post-thumbnail","hentry","category-coimbra-2","category-geral","tag-4-a-edicao-do-festival-do-cavaquinho-e-da-musica-portuguesa","tag-cernache"],"acf":[],"_links":{"self":[{"href":"https:\/\/critecnow.com\/diariobeiras\/wp-json\/wp\/v2\/posts\/260067","targetHints":{"allow":["GET"]}}],"collection":[{"href":"https:\/\/critecnow.com\/diariobeiras\/wp-json\/wp\/v2\/posts"}],"about":[{"href":"https:\/\/critecnow.com\/diariobeiras\/wp-json\/wp\/v2\/types\/post"}],"author":[{"embeddable":true,"href":"https:\/\/critecnow.com\/diariobeiras\/wp-json\/wp\/v2\/users\/3"}],"replies":[{"embeddable":true,"href":"https:\/\/critecnow.com\/diariobeiras\/wp-json\/wp\/v2\/comments?post=260067"}],"version-history":[{"count":0,"href":"https:\/\/critecnow.com\/diariobeiras\/wp-json\/wp\/v2\/posts\/260067\/revisions"}],"wp:featuredmedia":[{"embeddable":true,"href":"https:\/\/critecnow.com\/diariobeiras\/wp-json\/"}],"wp:attachment":[{"href":"https:\/\/critecnow.com\/diariobeiras\/wp-json\/wp\/v2\/media?parent=260067"}],"wp:term":[{"taxonomy":"category","embeddable":true,"href":"https:\/\/critecnow.com\/diariobeiras\/wp-json\/wp\/v2\/categories?post=260067"},{"taxonomy":"post_tag","embeddable":true,"href":"https:\/\/critecnow.com\/diariobeiras\/wp-json\/wp\/v2\/tags?post=260067"}],"curies":[{"name":"wp","href":"https:\/\/api.w.org\/{rel}","templated":true}]}}