{"id":260166,"date":"2023-04-04T08:10:26","date_gmt":"2023-04-04T08:10:26","guid":{"rendered":"https:\/\/www.asbeiras.pt\/?p=260166"},"modified":"2023-04-04T08:10:26","modified_gmt":"2023-04-04T08:10:26","slug":"ja-sao-conhecidas-todas-as-vagas-para-cursos-superiores-em-coimbra","status":"publish","type":"post","link":"https:\/\/critecnow.com\/diariobeiras\/ja-sao-conhecidas-todas-as-vagas-para-cursos-superiores-em-coimbra\/","title":{"rendered":"J\u00e1 s\u00e3o conhecidas todas as vagas para cursos superiores em Coimbra"},"content":{"rendered":"<div id=\"attachment_260167\" style=\"width: 1210px\" class=\"wp-caption alignnone\"><a href=\"https:\/\/www.asbeiras.pt\/wp-content\/uploads\/2023\/04\/04-vagas.jpg\"><img loading=\"lazy\" decoding=\"async\" aria-describedby=\"caption-attachment-260167\" class=\"wp-image-260167 size-full\" src=\"https:\/\/www.asbeiras.pt\/wp-content\/uploads\/2023\/04\/04-vagas.jpg\" alt=\"\" width=\"1200\" height=\"628\" \/><\/a><p id=\"caption-attachment-260167\" class=\"wp-caption-text\">DR<\/p><\/div>\n<p>Oito faculdades na Universidade de Coimbra (UC), seis unidades org\u00e2nicas de ensino no Instituto Polit\u00e9cnico de Coimbra (IPC), incluindo a que tem sede em Oliveira do Hospital, e a Escola Superior de Enfermagem de Coimbra (ESEnfC).<br \/>\nS\u00e3o, ao todo, 15 escolas superiores p\u00fablicas no distrito de Coimbra, onde funcionam 112 cursos: 56 na UC; 55 no IPC e um na ESEnfC.<\/p>\n<h4><em>Not\u00edcia completa nas edi\u00e7\u00f5es impressa e digital do DI\u00c1RIO AS BEIRAS <\/em><em><a href=\"mailto:assinaturas@asbeiras.pt\">assinaturas@asbeiras.pt<\/a><\/em><\/h4>\n","protected":false},"excerpt":{"rendered":"<p>Com anteced\u00eancia de alguns meses, o Minist\u00e9rio da Ci\u00eancia, Tecnologia e Ensino Superior j\u00e1 divulgou as vagas para o concurso nacional de acesso referente ao ano letivo de 2023\/2024.<\/p>\n","protected":false},"author":4,"featured_media":260167,"comment_status":"open","ping_status":"open","sticky":false,"template":"","format":"standard","meta":{"_acf_changed":false,"footnotes":""},"categories":[31],"tags":[40,3324,413,3055],"class_list":["post-260166","post","type-post","status-publish","format-standard","has-post-thumbnail","hentry","category-geral","tag-coimbra","tag-cursos","tag-ensino-superior","tag-vagas"],"acf":[],"_links":{"self":[{"href":"https:\/\/critecnow.com\/diariobeiras\/wp-json\/wp\/v2\/posts\/260166","targetHints":{"allow":["GET"]}}],"collection":[{"href":"https:\/\/critecnow.com\/diariobeiras\/wp-json\/wp\/v2\/posts"}],"about":[{"href":"https:\/\/critecnow.com\/diariobeiras\/wp-json\/wp\/v2\/types\/post"}],"author":[{"embeddable":true,"href":"https:\/\/critecnow.com\/diariobeiras\/wp-json\/wp\/v2\/users\/4"}],"replies":[{"embeddable":true,"href":"https:\/\/critecnow.com\/diariobeiras\/wp-json\/wp\/v2\/comments?post=260166"}],"version-history":[{"count":0,"href":"https:\/\/critecnow.com\/diariobeiras\/wp-json\/wp\/v2\/posts\/260166\/revisions"}],"wp:attachment":[{"href":"https:\/\/critecnow.com\/diariobeiras\/wp-json\/wp\/v2\/media?parent=260166"}],"wp:term":[{"taxonomy":"category","embeddable":true,"href":"https:\/\/critecnow.com\/diariobeiras\/wp-json\/wp\/v2\/categories?post=260166"},{"taxonomy":"post_tag","embeddable":true,"href":"https:\/\/critecnow.com\/diariobeiras\/wp-json\/wp\/v2\/tags?post=260166"}],"curies":[{"name":"wp","href":"https:\/\/api.w.org\/{rel}","templated":true}]}}