{"id":261212,"date":"2023-04-20T11:53:05","date_gmt":"2023-04-20T11:53:05","guid":{"rendered":"https:\/\/www.asbeiras.pt\/?p=261212"},"modified":"2023-04-20T11:53:05","modified_gmt":"2023-04-20T11:53:05","slug":"corte-total-do-transito-na-ponte-da-figueira-da-foz","status":"publish","type":"post","link":"https:\/\/critecnow.com\/diariobeiras\/corte-total-do-transito-na-ponte-da-figueira-da-foz\/","title":{"rendered":"Corte total do tr\u00e2nsito na Ponte da Figueira da Foz"},"content":{"rendered":"<p><a href=\"https:\/\/www.asbeiras.pt\/2022\/12\/transito-condicionado-na-ponte-da-figueira-da-foz-e-interrompido-a-noite-a-partir-de-fevereiro\/ponte-figueira-2\/\" rel=\"attachment wp-att-251683\"><img loading=\"lazy\" decoding=\"async\" class=\"alignnone size-full wp-image-251683\" src=\"https:\/\/www.asbeiras.pt\/wp-content\/uploads\/2022\/12\/ponte-figueira-1.jpg\" alt=\"\" width=\"1200\" height=\"628\" \/><\/a><\/p>\n<p>A Infraestruturas de Portugal informa que no \u00e2mbito da empreitada de reabilita\u00e7\u00e3o e refor\u00e7o da Ponte Edgar Cardoso sobre o rio Mondego e para a realiza\u00e7\u00e3o dos trabalhos previstos, haver\u00e1 necessidade de se proceder ao <strong>corte total de tr\u00e2nsito na ponte<\/strong>, em per\u00edodos de tr\u00eas dias por semana, sempre durante a noite.<\/p>\n<p>O primeiro corte acontece <strong>nas noites de 25 para 26, de 26 para 27 e de 27 para 28 de abril, entre as 20H30 e as 6H30<\/strong>, como referido anteriormente. Durante o m\u00eas de maio os cortes realizam-se sempre <strong>de segunda para ter\u00e7a-feira com repeti\u00e7\u00e3o nas noites de ter\u00e7a para quarta-feira, com exce\u00e7\u00e3o da primeira semana do m\u00eas em que o corte tem in\u00edcio na ter\u00e7a-feira repetindo-se nas duas noites seguintes<\/strong>, de acordo com a programa\u00e7\u00e3o no quadro em baixo, em que os tra\u00e7os verticais representam as noites com interrup\u00e7\u00e3o.<\/p>\n<p>A partir do m\u00eas de junho as interrup\u00e7\u00f5es ocorrer\u00e3o em cinco noites por semana com in\u00edcio nas noites de domingo para segunda-feira e fim nas noites de quinta para sexta-feira.<\/p>\n","protected":false},"excerpt":{"rendered":"<p>A partir do m\u00eas de junho as interrup\u00e7\u00f5es ocorrer\u00e3o em cinco noites por semana com in\u00edcio nas noites de domingo para segunda-feira e fim nas noites de quinta para sexta-feira<\/p>\n","protected":false},"author":4,"featured_media":251682,"comment_status":"open","ping_status":"open","sticky":false,"template":"","format":"standard","meta":{"_acf_changed":false,"footnotes":""},"categories":[62,31],"tags":[63,501,151,2969,944],"class_list":["post-261212","post","type-post","status-publish","format-standard","has-post-thumbnail","hentry","category-figueira-da-foz","category-geral","tag-figueira-da-foz","tag-infraestruturas-de-portugal","tag-obras","tag-ponte","tag-transito"],"acf":[],"_links":{"self":[{"href":"https:\/\/critecnow.com\/diariobeiras\/wp-json\/wp\/v2\/posts\/261212","targetHints":{"allow":["GET"]}}],"collection":[{"href":"https:\/\/critecnow.com\/diariobeiras\/wp-json\/wp\/v2\/posts"}],"about":[{"href":"https:\/\/critecnow.com\/diariobeiras\/wp-json\/wp\/v2\/types\/post"}],"author":[{"embeddable":true,"href":"https:\/\/critecnow.com\/diariobeiras\/wp-json\/wp\/v2\/users\/4"}],"replies":[{"embeddable":true,"href":"https:\/\/critecnow.com\/diariobeiras\/wp-json\/wp\/v2\/comments?post=261212"}],"version-history":[{"count":0,"href":"https:\/\/critecnow.com\/diariobeiras\/wp-json\/wp\/v2\/posts\/261212\/revisions"}],"wp:attachment":[{"href":"https:\/\/critecnow.com\/diariobeiras\/wp-json\/wp\/v2\/media?parent=261212"}],"wp:term":[{"taxonomy":"category","embeddable":true,"href":"https:\/\/critecnow.com\/diariobeiras\/wp-json\/wp\/v2\/categories?post=261212"},{"taxonomy":"post_tag","embeddable":true,"href":"https:\/\/critecnow.com\/diariobeiras\/wp-json\/wp\/v2\/tags?post=261212"}],"curies":[{"name":"wp","href":"https:\/\/api.w.org\/{rel}","templated":true}]}}