{"id":261915,"date":"2023-05-02T09:07:18","date_gmt":"2023-05-02T09:07:18","guid":{"rendered":"https:\/\/www.asbeiras.pt\/?p=261915"},"modified":"2023-05-02T09:07:18","modified_gmt":"2023-05-02T09:07:18","slug":"quatro-feridos-em-tiroteio-em-vendas-da-pousada","status":"publish","type":"post","link":"https:\/\/critecnow.com\/diariobeiras\/quatro-feridos-em-tiroteio-em-vendas-da-pousada\/","title":{"rendered":"Quatro feridos em tiroteio em Vendas da Pousada"},"content":{"rendered":"<div id=\"attachment_261916\" style=\"width: 1027px\" class=\"wp-caption alignnone\"><a href=\"https:\/\/www.asbeiras.pt\/wp-content\/uploads\/2023\/05\/ultima-tiroteio.jpg\"><img loading=\"lazy\" decoding=\"async\" aria-describedby=\"caption-attachment-261916\" class=\"wp-image-261916 size-full\" src=\"https:\/\/www.asbeiras.pt\/wp-content\/uploads\/2023\/05\/ultima-tiroteio.jpg\" alt=\"\" width=\"1017\" height=\"538\" \/><\/a><p id=\"caption-attachment-261916\" class=\"wp-caption-text\">DR<\/p><\/div>\n<p>Uma reuni\u00e3o numa empresa de alum\u00ednios em Vendas da Pousada, Cernache &#8211; Coimbra, terminou ontem aos tiros de ca\u00e7adeira.<br \/>\nUm homem, de 56 anos, ter\u00e1 disparado sobre dois homens, de 60 e 69 anos, e ainda sobre a sua pr\u00f3pria esposa, ontem, ao final da tarde, tentando depois o suic\u00eddio, j\u00e1 na sua resid\u00eancia<\/p>\n<p><em>Not\u00edcia completa nas edi\u00e7\u00f5es impressa e digital do DI\u00c1RIO AS BEIRAS <\/em><em><a href=\"mailto:assinaturas@asbeiras.pt\">assinaturas@asbeiras.pt<\/a><\/em><\/p>\n","protected":false},"excerpt":{"rendered":"<p>Uma reuni\u00e3o numa empresa de alum\u00ednios em Vendas da Pousada, Cernache &#8211; Coimbra, terminou ontem aos tiros de ca\u00e7adeira.<\/p>\n","protected":false},"author":15,"featured_media":261916,"comment_status":"open","ping_status":"open","sticky":false,"template":"","format":"standard","meta":{"_acf_changed":false,"footnotes":""},"categories":[39,31],"tags":[305,3877,3878],"class_list":["post-261915","post","type-post","status-publish","format-standard","has-post-thumbnail","hentry","category-coimbra-2","category-geral","tag-cernache","tag-tiroteio","tag-vendas-da-pousada"],"acf":[],"_links":{"self":[{"href":"https:\/\/critecnow.com\/diariobeiras\/wp-json\/wp\/v2\/posts\/261915","targetHints":{"allow":["GET"]}}],"collection":[{"href":"https:\/\/critecnow.com\/diariobeiras\/wp-json\/wp\/v2\/posts"}],"about":[{"href":"https:\/\/critecnow.com\/diariobeiras\/wp-json\/wp\/v2\/types\/post"}],"author":[{"embeddable":true,"href":"https:\/\/critecnow.com\/diariobeiras\/wp-json\/wp\/v2\/users\/15"}],"replies":[{"embeddable":true,"href":"https:\/\/critecnow.com\/diariobeiras\/wp-json\/wp\/v2\/comments?post=261915"}],"version-history":[{"count":0,"href":"https:\/\/critecnow.com\/diariobeiras\/wp-json\/wp\/v2\/posts\/261915\/revisions"}],"wp:featuredmedia":[{"embeddable":true,"href":"https:\/\/critecnow.com\/diariobeiras\/wp-json\/"}],"wp:attachment":[{"href":"https:\/\/critecnow.com\/diariobeiras\/wp-json\/wp\/v2\/media?parent=261915"}],"wp:term":[{"taxonomy":"category","embeddable":true,"href":"https:\/\/critecnow.com\/diariobeiras\/wp-json\/wp\/v2\/categories?post=261915"},{"taxonomy":"post_tag","embeddable":true,"href":"https:\/\/critecnow.com\/diariobeiras\/wp-json\/wp\/v2\/tags?post=261915"}],"curies":[{"name":"wp","href":"https:\/\/api.w.org\/{rel}","templated":true}]}}