{"id":262309,"date":"2023-05-09T08:36:27","date_gmt":"2023-05-09T08:36:27","guid":{"rendered":"https:\/\/www.asbeiras.pt\/?p=262309"},"modified":"2023-05-09T08:36:27","modified_gmt":"2023-05-09T08:36:27","slug":"aquila-clean-energy-constroi-central-fotovoltaica-em-coimbra","status":"publish","type":"post","link":"https:\/\/critecnow.com\/diariobeiras\/aquila-clean-energy-constroi-central-fotovoltaica-em-coimbra\/","title":{"rendered":"Aquila Clean Energy constr\u00f3i central fotovoltaica em Coimbra"},"content":{"rendered":"<div id=\"attachment_262310\" style=\"width: 1030px\" class=\"wp-caption alignnone\"><a href=\"https:\/\/www.asbeiras.pt\/wp-content\/uploads\/2023\/05\/agir-1.jpg\"><img loading=\"lazy\" decoding=\"async\" aria-describedby=\"caption-attachment-262310\" class=\"wp-image-262310 size-full\" src=\"https:\/\/www.asbeiras.pt\/wp-content\/uploads\/2023\/05\/agir-1.jpg\" alt=\"\" width=\"1020\" height=\"533\" \/><\/a><p id=\"caption-attachment-262310\" class=\"wp-caption-text\">DR<\/p><\/div>\n<p>Coimbra vai receber, em Cernache, a primeira central fotovoltaica constru\u00edda pela Aquila Clean Energy, uma plataforma de energias renov\u00e1veis da Aquila Capital na Europa, que desenvolve e que opera projetos de energias renov\u00e1veis com foco na energia solar e e\u00f3lica.<br \/>\nA Central Solar Fotovoltaica de Barcos, est\u00e1 localizada na freguesia de Cernache, tem uma capacidade instalada de 48 MW.<\/p>\n<p><em>Not\u00edcia completa nas edi\u00e7\u00f5es impressa e digital do DI\u00c1RIO AS BEIRAS <\/em><em><a href=\"mailto:assinaturas@asbeiras.pt\">assinaturas@asbeiras.pt<\/a><\/em><\/p>\n","protected":false},"excerpt":{"rendered":"<p>A central localizada em Coimbra ter\u00e1 uma capacidade instalada de 48 MW e ir\u00e1 produzir mais de 71 GWh de energia limpa por ano<\/p>\n","protected":false},"author":6,"featured_media":262310,"comment_status":"open","ping_status":"open","sticky":false,"template":"","format":"standard","meta":{"_acf_changed":false,"footnotes":""},"categories":[82,31],"tags":[4010,4011,305,40],"class_list":["post-262309","post","type-post","status-publish","format-standard","has-post-thumbnail","hentry","category-economia","category-geral","tag-aquila-clean-energy","tag-central-fotovoltaica","tag-cernache","tag-coimbra"],"acf":[],"_links":{"self":[{"href":"https:\/\/critecnow.com\/diariobeiras\/wp-json\/wp\/v2\/posts\/262309","targetHints":{"allow":["GET"]}}],"collection":[{"href":"https:\/\/critecnow.com\/diariobeiras\/wp-json\/wp\/v2\/posts"}],"about":[{"href":"https:\/\/critecnow.com\/diariobeiras\/wp-json\/wp\/v2\/types\/post"}],"author":[{"embeddable":true,"href":"https:\/\/critecnow.com\/diariobeiras\/wp-json\/wp\/v2\/users\/6"}],"replies":[{"embeddable":true,"href":"https:\/\/critecnow.com\/diariobeiras\/wp-json\/wp\/v2\/comments?post=262309"}],"version-history":[{"count":0,"href":"https:\/\/critecnow.com\/diariobeiras\/wp-json\/wp\/v2\/posts\/262309\/revisions"}],"wp:featuredmedia":[{"embeddable":true,"href":"https:\/\/critecnow.com\/diariobeiras\/wp-json\/"}],"wp:attachment":[{"href":"https:\/\/critecnow.com\/diariobeiras\/wp-json\/wp\/v2\/media?parent=262309"}],"wp:term":[{"taxonomy":"category","embeddable":true,"href":"https:\/\/critecnow.com\/diariobeiras\/wp-json\/wp\/v2\/categories?post=262309"},{"taxonomy":"post_tag","embeddable":true,"href":"https:\/\/critecnow.com\/diariobeiras\/wp-json\/wp\/v2\/tags?post=262309"}],"curies":[{"name":"wp","href":"https:\/\/api.w.org\/{rel}","templated":true}]}}