{"id":262538,"date":"2023-05-12T09:34:56","date_gmt":"2023-05-12T09:34:56","guid":{"rendered":"https:\/\/www.asbeiras.pt\/?p=262538"},"modified":"2023-05-12T09:34:56","modified_gmt":"2023-05-12T09:34:56","slug":"rali-de-portugal-acao-comeca-hoje-no-centro-do-pais","status":"publish","type":"post","link":"https:\/\/critecnow.com\/diariobeiras\/rali-de-portugal-acao-comeca-hoje-no-centro-do-pais\/","title":{"rendered":"Rali de Portugal: A\u00e7\u00e3o come\u00e7a hoje no centro do pa\u00eds"},"content":{"rendered":"<div id=\"attachment_262539\" style=\"width: 1210px\" class=\"wp-caption aligncenter\"><a href=\"https:\/\/www.asbeiras.pt\/wp-content\/uploads\/2023\/05\/wrc-horarios.jpg\"><img loading=\"lazy\" decoding=\"async\" aria-describedby=\"caption-attachment-262539\" class=\"size-full wp-image-262539\" src=\"https:\/\/www.asbeiras.pt\/wp-content\/uploads\/2023\/05\/wrc-horarios.jpg\" alt=\"\" width=\"1200\" height=\"628\" \/><\/a><p id=\"caption-attachment-262539\" class=\"wp-caption-text\">WRC &#8211; FIA World Rally Championship<\/p><\/div>\n<p>A 56.\u00aa edi\u00e7\u00e3o do Rali de Portugal, quinta prova do campeonato do mundo, arranca hoje com a disputa das primeiras oito das 19 especiais de classifica\u00e7\u00e3o previstas para os tr\u00eas dias de prova.<\/p>\n<p class=\"text-paragraph\">A caravana, composta com cerca de 90 equipas participantes, vai para a estrada nos tro\u00e7os desenhados no centro do pa\u00eds.<\/p>\n<p class=\"text-paragraph\">Partindo de Coimbra, os concorrentes enfrentam as duplas passagens pelas classificativas da Lous\u00e3 (12,03 km), G\u00f3is (19,33 km) e Arganil (18,72 km), passando por Mort\u00e1gua (18,15 km), antes da estreia da super especial da Figueira da Foz, que substitui a que habitualmente se realizava na cidade dos estudantes.<\/p>\n<p class=\"text-paragraph\">Ao todo, este primeiro de tr\u00eas dias de competi\u00e7\u00e3o tem 120,59 quil\u00f3metros cronometrados.<\/p>\n<p class=\"text-paragraph\">Depois da passagem pela regi\u00e3o centro do pa\u00eds, os concorrentes rumam, no s\u00e1bado e no domingo, ao norte e aos tro\u00e7os de Vieira do Minho (26,61 km), Amarante (37,24 km) e Felgueiras (8,91 km), que tamb\u00e9m recebem duplas passagens, antes de a popular super especial de Lousada, na pista da Costilha, encerrar o segundo dia da competi\u00e7\u00e3o.<\/p>\n<p class=\"text-paragraph\">No domingo, h\u00e1 ainda a estreia do tro\u00e7o de Paredes, que antecede a primeira passagem pela especial de Fafe (11,18 km) e a classificativa de Cabeceiras de Basto (22,23 km).<\/p>\n<p class=\"text-paragraph\">A derradeira especial, em regime de &#8216;Power Stage&#8217; (com atribui\u00e7\u00e3o de 15 pontos extra pelos cinco mais r\u00e1pidos), volta a acontecer em Fafe.<\/p>\n<p class=\"text-paragraph\">Como j\u00e1 \u00e9 h\u00e1bito, a chegada dos concorrentes acontece na c\u00e9nica marginal de Matosinhos, a poucos quil\u00f3metros do centro operacional do rali, na Exponor.<\/p>\n<p class=\"text-paragraph\">O Rali de Portugal, que estar\u00e1 na estrada entre os dias 11 e 14 de maio, vai percorrer 329,06 quil\u00f3metros cronometrados, por entre um total de 1.636,25 quil\u00f3metros no centro e norte do pa\u00eds, ao longo de 19 classificativas.<\/p>\n","protected":false},"excerpt":{"rendered":"<p>Ao todo, este primeiro de tr\u00eas dias de competi\u00e7\u00e3o tem 120,59 quil\u00f3metros cronometrados.<\/p>\n","protected":false},"author":2,"featured_media":262539,"comment_status":"open","ping_status":"open","sticky":false,"template":"","format":"standard","meta":{"_acf_changed":false,"footnotes":""},"categories":[4,31],"tags":[947,4086,4087,2425,2947],"class_list":["post-262538","post","type-post","status-publish","format-standard","has-post-thumbnail","hentry","category-desporto","category-geral","tag-centro","tag-especiais","tag-rali","tag-rali-de-portugal","tag-wrc"],"acf":[],"_links":{"self":[{"href":"https:\/\/critecnow.com\/diariobeiras\/wp-json\/wp\/v2\/posts\/262538","targetHints":{"allow":["GET"]}}],"collection":[{"href":"https:\/\/critecnow.com\/diariobeiras\/wp-json\/wp\/v2\/posts"}],"about":[{"href":"https:\/\/critecnow.com\/diariobeiras\/wp-json\/wp\/v2\/types\/post"}],"author":[{"embeddable":true,"href":"https:\/\/critecnow.com\/diariobeiras\/wp-json\/wp\/v2\/users\/2"}],"replies":[{"embeddable":true,"href":"https:\/\/critecnow.com\/diariobeiras\/wp-json\/wp\/v2\/comments?post=262538"}],"version-history":[{"count":0,"href":"https:\/\/critecnow.com\/diariobeiras\/wp-json\/wp\/v2\/posts\/262538\/revisions"}],"wp:attachment":[{"href":"https:\/\/critecnow.com\/diariobeiras\/wp-json\/wp\/v2\/media?parent=262538"}],"wp:term":[{"taxonomy":"category","embeddable":true,"href":"https:\/\/critecnow.com\/diariobeiras\/wp-json\/wp\/v2\/categories?post=262538"},{"taxonomy":"post_tag","embeddable":true,"href":"https:\/\/critecnow.com\/diariobeiras\/wp-json\/wp\/v2\/tags?post=262538"}],"curies":[{"name":"wp","href":"https:\/\/api.w.org\/{rel}","templated":true}]}}