{"id":263176,"date":"2023-05-21T14:34:01","date_gmt":"2023-05-21T14:34:01","guid":{"rendered":"https:\/\/www.asbeiras.pt\/?p=263176"},"modified":"2023-05-21T14:34:01","modified_gmt":"2023-05-21T14:34:01","slug":"federacao-nacional-da-educacao-anuncia-greve-nacional-para-06-de-junho","status":"publish","type":"post","link":"https:\/\/critecnow.com\/diariobeiras\/federacao-nacional-da-educacao-anuncia-greve-nacional-para-06-de-junho\/","title":{"rendered":"Federa\u00e7\u00e3o Nacional da Educa\u00e7\u00e3o anuncia greve nacional para 06 de junho"},"content":{"rendered":"<p><a href=\"https:\/\/www.asbeiras.pt\/wp-content\/uploads\/2023\/01\/04-professores-dr.jpg\"><img loading=\"lazy\" decoding=\"async\" class=\"alignnone size-full wp-image-254789\" src=\"https:\/\/www.asbeiras.pt\/wp-content\/uploads\/2023\/01\/04-professores-dr.jpg\" alt=\"\" width=\"1200\" height=\"628\" srcset=\"https:\/\/critecnow.com\/diariobeiras\/wp-content\/uploads\/2023\/01\/04-professores-dr.jpg 1200w, https:\/\/critecnow.com\/diariobeiras\/wp-content\/uploads\/2023\/01\/04-professores-dr-300x157.jpg 300w, https:\/\/critecnow.com\/diariobeiras\/wp-content\/uploads\/2023\/01\/04-professores-dr-1024x536.jpg 1024w, https:\/\/critecnow.com\/diariobeiras\/wp-content\/uploads\/2023\/01\/04-professores-dr-768x402.jpg 768w, https:\/\/critecnow.com\/diariobeiras\/wp-content\/uploads\/2023\/01\/04-professores-dr-600x314.jpg 600w\" sizes=\"auto, (max-width: 1200px) 100vw, 1200px\" \/><\/a><\/p>\n<p class=\"text-paragraph\">A Federa\u00e7\u00e3o Nacional da Educa\u00e7\u00e3o (FNE) anunciou hoje uma greve nacional em 06 de junho e afirmou que a luta nas escolas ir\u00e1 continuar no pr\u00f3ximo ano letivo, se os problemas dos professores n\u00e3o forem resolvidos pelo Governo.<\/p>\n<p class=\"text-paragraph\">O an\u00fancio foi feito por Pedro Barreiros, que foi hoje eleito secret\u00e1rio-geral da FNE, para um mandato de quatro anos, durante o XIII Congresso Nacional daquela organiza\u00e7\u00e3o sindical, que decorreu em Aveiro.<\/p>\n<p class=\"text-paragraph\">\u201cNo que diz respeito \u00e0 contesta\u00e7\u00e3o e \u00e0quilo que \u00e9 o processo dito pelo Minist\u00e9rio da Educa\u00e7\u00e3o negocial, mas que n\u00f3s n\u00e3o sentimos dessa forma, desde j\u00e1 anunciamos e aprovamos uma resolu\u00e7\u00e3o para a marca\u00e7\u00e3o da greve no dia 06 de junho\u201d, disse \u00e0 ag\u00eancia Lusa Pedro Barreiros, dando conta de que \u201coutras formas de luta\u201d ser\u00e3o ponderadas at\u00e9 ao final do ano letivo.<\/p>\n<p class=\"text-paragraph\">O novo l\u00edder da FNE assegurou ainda que a\u00a0partir do primeiro dia de aulas do pr\u00f3ximo ano letivo os professores estar\u00e3o em luta,\u00a0caso o Minist\u00e9rio da Educa\u00e7\u00e3o &#8220;n\u00e3o assuma a necessidade e urg\u00eancia de resolver os problemas\u201d que motivam estas a\u00e7\u00f5es.<\/p>\n<p class=\"text-paragraph\">Pedro Barreiros lamentou ainda a aus\u00eancia de representantes de v\u00e1rios partidos pol\u00edticos com assento parlamentar, nomeadamente do PS, na cerim\u00f3nia de tomada de posse dos novos \u00f3rg\u00e3os sociais da FNE, sublinhando que a democracia se constr\u00f3i atrav\u00e9s da participa\u00e7\u00e3o\u201d.<\/p>\n<p class=\"text-paragraph\">\u201cPodemos estar em desacordo. Pode at\u00e9 mesmo este momento n\u00e3o ser o ideal &#8211; ser um momento de contesta\u00e7\u00e3o, complexo -, mas tamb\u00e9m temos de saber distinguir aquilo que \u00e9 o Governo e aquilo que s\u00e3o os partidos com assento parlamentar\u201d, afirmou.<\/p>\n<p class=\"text-paragraph\">Foi ainda anunciado que a partir de segunda-feira ser\u00e1 enviado um pedido de reuni\u00e3o aos partidos pol\u00edticos, ao Presidente da Rep\u00fablica e a diversas institui\u00e7\u00f5es para apresentar o novo plano de a\u00e7\u00e3o que foi aprovado no congresso.<\/p>\n<p class=\"text-paragraph\">A cerim\u00f3nia de tomada de posse dos novos \u00f3rg\u00e3os sociais da FNE contou com a presen\u00e7a de representantes do PSD, Chega e Iniciativa Liberal e de v\u00e1rias organiza\u00e7\u00f5es sindicais, al\u00e9m\u00a0do secret\u00e1rio-geral da central sindical UGT, M\u00e1rio Mour\u00e3o.<\/p>\n<p class=\"text-paragraph\">Pedro Barreiros foi eleito hoje secret\u00e1rio-geral da FNE, com 94,7% da vota\u00e7\u00e3o, em elei\u00e7\u00f5es com lista \u00fanica. O at\u00e9 agora vice-secret\u00e1rio-geral da FNE e presidente do Sindicato dos Professores da Zona Norte sucede a Jo\u00e3o Dias da Silva, que estava h\u00e1 19 anos na lideran\u00e7a daquela organiza\u00e7\u00e3o sindical.<\/p>\n<p class=\"text-paragraph\">Os novos \u00f3rg\u00e3os sociais da FNE (Secretariado Nacional e a Mesa do Congresso) para o quadri\u00e9nio 2023-2027 foram eleitos com 397 votos a favor, 13 votos contra, seis votos em branco e tr\u00eas votos nulos, num universo de 419 votantes.<\/p>\n<p class=\"text-paragraph\">A Federa\u00e7\u00e3o congrega 10 sindicatos &#8211; quatro no continente, dois nas regi\u00f5es aut\u00f3nomas dos A\u00e7ores e da Madeira, tr\u00eas de n\u00e3o docentes e o Sindicato dos Professores das Comunidades Lus\u00edadas.<\/p>\n","protected":false},"excerpt":{"rendered":"<p>A Federa\u00e7\u00e3o Nacional da Educa\u00e7\u00e3o (FNE) anunciou hoje uma greve nacional em 06 de junho e afirmou que a luta nas escolas ir\u00e1 continuar no pr\u00f3ximo ano letivo, se os problemas dos professores n\u00e3o forem resolvidos pelo Governo.<\/p>\n","protected":false},"author":2,"featured_media":254789,"comment_status":"open","ping_status":"open","sticky":false,"template":"","format":"standard","meta":{"_acf_changed":false,"footnotes":""},"categories":[31,33],"tags":[273,1520,4325,239],"class_list":["post-263176","post","type-post","status-publish","format-standard","has-post-thumbnail","hentry","category-geral","category-nacional","tag-docentes","tag-escolas","tag-federacao-nacional-da-educacao","tag-greve"],"acf":[],"_links":{"self":[{"href":"https:\/\/critecnow.com\/diariobeiras\/wp-json\/wp\/v2\/posts\/263176","targetHints":{"allow":["GET"]}}],"collection":[{"href":"https:\/\/critecnow.com\/diariobeiras\/wp-json\/wp\/v2\/posts"}],"about":[{"href":"https:\/\/critecnow.com\/diariobeiras\/wp-json\/wp\/v2\/types\/post"}],"author":[{"embeddable":true,"href":"https:\/\/critecnow.com\/diariobeiras\/wp-json\/wp\/v2\/users\/2"}],"replies":[{"embeddable":true,"href":"https:\/\/critecnow.com\/diariobeiras\/wp-json\/wp\/v2\/comments?post=263176"}],"version-history":[{"count":0,"href":"https:\/\/critecnow.com\/diariobeiras\/wp-json\/wp\/v2\/posts\/263176\/revisions"}],"wp:featuredmedia":[{"embeddable":true,"href":"https:\/\/critecnow.com\/diariobeiras\/wp-json\/wp\/v2\/media\/254789"}],"wp:attachment":[{"href":"https:\/\/critecnow.com\/diariobeiras\/wp-json\/wp\/v2\/media?parent=263176"}],"wp:term":[{"taxonomy":"category","embeddable":true,"href":"https:\/\/critecnow.com\/diariobeiras\/wp-json\/wp\/v2\/categories?post=263176"},{"taxonomy":"post_tag","embeddable":true,"href":"https:\/\/critecnow.com\/diariobeiras\/wp-json\/wp\/v2\/tags?post=263176"}],"curies":[{"name":"wp","href":"https:\/\/api.w.org\/{rel}","templated":true}]}}