{"id":263201,"date":"2023-05-22T08:11:19","date_gmt":"2023-05-22T08:11:19","guid":{"rendered":"https:\/\/www.asbeiras.pt\/?p=263201"},"modified":"2023-05-22T08:11:19","modified_gmt":"2023-05-22T08:11:19","slug":"coimbra-caritas-abraca-baixa-da-cidade","status":"publish","type":"post","link":"https:\/\/critecnow.com\/diariobeiras\/coimbra-caritas-abraca-baixa-da-cidade\/","title":{"rendered":"Coimbra: C\u00e1ritas \u201cabra\u00e7a\u201d Baixa da cidade"},"content":{"rendered":"<div id=\"attachment_263202\" style=\"width: 1023px\" class=\"wp-caption alignnone\"><a href=\"https:\/\/www.asbeiras.pt\/wp-content\/uploads\/2023\/05\/Caritas-Coimbra.jpg\"><img loading=\"lazy\" decoding=\"async\" aria-describedby=\"caption-attachment-263202\" class=\"wp-image-263202 size-full\" src=\"https:\/\/www.asbeiras.pt\/wp-content\/uploads\/2023\/05\/Caritas-Coimbra.jpg\" alt=\"\" width=\"1013\" height=\"529\" \/><\/a><p id=\"caption-attachment-263202\" class=\"wp-caption-text\">DR<\/p><\/div>\n<p>\u201cUm abra\u00e7o abre os bra\u00e7os ao mundo e aos outros. \u00c9 uma forma de entrega de peito aberto e o acolhimento do peito de quem o recebe\u201d. Foi neste sentido que as equipas de anima\u00e7\u00e3o da C\u00e1ritas de Coimbra lan\u00e7aram o desafio aos seus adultos mais velhos com o projeto \u201cVamos abra\u00e7ar a Baixa de Coimbra\u201d.<br \/>\nAssim, hoje, Dia Internacional do Abra\u00e7o, os utilizadores do Centro Nossa Senhora dos Milagres, Centro Rainha Santa Isabel e Centro Social S. Pedro ir\u00e3o distribuir abra\u00e7os entre o Largo da Portagem e o Largo da C\u00e2mara Municipal de Coimbra, durante toda a manh\u00e3.<\/p>\n<p><em>Not\u00edcia completa nas edi\u00e7\u00f5es impressa e digital do DI\u00c1RIO AS BEIRAS <\/em><em><a href=\"mailto:assinaturas@asbeiras.pt\">assinaturas@asbeiras.pt<\/a><\/em><\/p>\n","protected":false},"excerpt":{"rendered":"<p>\u201cUm abra\u00e7o abre os bra\u00e7os ao mundo e aos outros. \u00c9 uma forma de entrega de peito aberto e o acolhimento do peito de quem o recebe\u201d. Foi neste sentido que as equipas de anima\u00e7\u00e3o da C\u00e1ritas de Coimbra lan\u00e7aram o desafio aos seus adultos mais velhos com o projeto \u201cVamos abra\u00e7ar a Baixa de Coimbra\u201d.<\/p>\n","protected":false},"author":6,"featured_media":263202,"comment_status":"open","ping_status":"open","sticky":false,"template":"","format":"standard","meta":{"_acf_changed":false,"footnotes":""},"categories":[39,31],"tags":[4339,4340,4341,1173],"class_list":["post-263201","post","type-post","status-publish","format-standard","has-post-thumbnail","hentry","category-coimbra-2","category-geral","tag-vamos-abracar-a-baixa-de-coimbra","tag-caritas-coimbra","tag-dia-internacional-do-abraco","tag-projeto"],"acf":[],"_links":{"self":[{"href":"https:\/\/critecnow.com\/diariobeiras\/wp-json\/wp\/v2\/posts\/263201","targetHints":{"allow":["GET"]}}],"collection":[{"href":"https:\/\/critecnow.com\/diariobeiras\/wp-json\/wp\/v2\/posts"}],"about":[{"href":"https:\/\/critecnow.com\/diariobeiras\/wp-json\/wp\/v2\/types\/post"}],"author":[{"embeddable":true,"href":"https:\/\/critecnow.com\/diariobeiras\/wp-json\/wp\/v2\/users\/6"}],"replies":[{"embeddable":true,"href":"https:\/\/critecnow.com\/diariobeiras\/wp-json\/wp\/v2\/comments?post=263201"}],"version-history":[{"count":0,"href":"https:\/\/critecnow.com\/diariobeiras\/wp-json\/wp\/v2\/posts\/263201\/revisions"}],"wp:featuredmedia":[{"embeddable":true,"href":"https:\/\/critecnow.com\/diariobeiras\/wp-json\/"}],"wp:attachment":[{"href":"https:\/\/critecnow.com\/diariobeiras\/wp-json\/wp\/v2\/media?parent=263201"}],"wp:term":[{"taxonomy":"category","embeddable":true,"href":"https:\/\/critecnow.com\/diariobeiras\/wp-json\/wp\/v2\/categories?post=263201"},{"taxonomy":"post_tag","embeddable":true,"href":"https:\/\/critecnow.com\/diariobeiras\/wp-json\/wp\/v2\/tags?post=263201"}],"curies":[{"name":"wp","href":"https:\/\/api.w.org\/{rel}","templated":true}]}}